{"id":67342,"date":"2025-01-20T11:24:51","date_gmt":"2025-01-20T11:24:51","guid":{"rendered":"https:\/\/www.carmedialab.com\/en\/?p=67342"},"modified":"2025-01-20T11:25:40","modified_gmt":"2025-01-20T11:25:40","slug":"carmedialab-at-the-5th-german-african-business-summit-with-robert-habeck","status":"publish","type":"post","link":"https:\/\/www.carmedialab.com\/de\/2025\/01\/20\/carmedialab-at-the-5th-german-african-business-summit-with-robert-habeck\/","title":{"rendered":"CarMedialab auf dem 5. German-African Business Summit mit Robert Habeck"},"content":{"rendered":"\r\n<p>Vom 01. bis 03. Dezember 2024 war CarMedialabs COO Henri Depe Tchatchu Teil einer Wirtschaftsdelegation unter der Leitung von Bundeswirtschaftsminister und Vizekanzler Dr. Robert Habeck. Die Reise f\u00fchrte nach Nairobi, Kenia, wo der <a href=\"https:\/\/gabs2024.com\" target=\"_blank\" rel=\"noreferrer noopener\">5th German-African Business Summit<\/a> stattfand. Diese Veranstaltung ist die wichtigste Plattform f\u00fcr den Austausch zwischen f\u00fchrenden Pers\u00f6nlichkeiten aus Wirtschaft und Politik aus Deutschland und der subsaharischen Region Afrikas.<\/p>\r\n\r\n\r\n\r\n<div style=\"height:30px\" aria-hidden=\"true\" class=\"wp-block-spacer\"><\/div>\r\n\r\n\r\n\r\n<h3 class=\"wp-block-heading\" id=\"h-business-dialogue-for-a-sustainable-future\"><strong>Wirtschaftlicher Dialog f\u00fcr eine nachhaltige Zukunft<\/strong><\/h3>\r\n\r\n\r\n\r\n<p>Das Ziel des GABS ist klar: wirtschaftliche Beziehungen st\u00e4rken, innovative L\u00f6sungen f\u00f6rdern und gemeinsam Wege f\u00fcr eine nachhaltige Zukunft entwickeln. Die Bedeutung dieser Zusammenarbeit wird gerade im Kontext der globalen Herausforderungen, wie der Energiewende und der Digitalisierung, immer offensichtlicher.<\/p>\r\n\r\n\r\n\r\n<p>In Nairobi bot der Summit eine wertvolle Plattform, um sich mit politischen Entscheidungstr\u00e4gern, Unternehmensf\u00fchrern und innovativen Start-ups auszutauschen. Die Gesp\u00e4che und neuen Impulse zeigen, wie wichtig es ist, \u00fcber kontinentale Grenzen hinweg  gemeinsam an einer besseren Zukunft zu arbeiten.<\/p>\r\n\r\n\r\n\r\n<div style=\"height:30px\" aria-hidden=\"true\" class=\"wp-block-spacer\"><\/div>\r\n\r\n\r\n\r\n<h3 class=\"wp-block-heading\" id=\"h-supporting-young-talent\"><strong>F\u00f6rderung junger Talente<\/strong><\/h3>\r\n\r\n\r\n\r\n<p>W\u00e4hrend der Reise besuchte die Wirtschaftsdelegation zwei Einrichtungen: \u201eiHUB Nairobi\u201c, ein Inkubator f\u00fcr Technologie und Innovation, und \u201eThe Toolkit for Skills and Innovation\u201c, eine Initiative zur F\u00f6rderung junger Talente. Die Besuche zeigten, wie junge Menschen durch gezielte F\u00f6rderung und den Zugang zu Technologien bef\u00e4higt werden k\u00f6nnen, innovative L\u00f6sungen zu entwickeln und sich in einer globalisierten Wirtschaft zu behaupten.<\/p>\r\n\r\n\r\n\r\n<div style=\"height:30px\" aria-hidden=\"true\" class=\"wp-block-spacer\"><\/div>\r\n\r\n\r\n\r\n<h3 class=\"wp-block-heading\" id=\"h-collaboration-with-nakama-tech\"><strong>Kooperation mit Nakama Tech<\/strong><\/h3>\r\n\r\n\r\n\r\n<p>Ein weiterer H\u00f6hepunkt der Reise war die Vertiefung unserer Partnerschaft mit Nakama Tech, einem Unternehmen, mit dem wir bereits seit fast zwei Jahren erfolgreich zusammenarbeiten. Diese Kooperation hat nicht nur zur Schaffung von Arbeitspl\u00e4tzen in Nairobi beigetragen, sondern auch erheblichen Mehrwert f\u00fcr CarMedialab geschaffen.&nbsp;<\/p>\r\n\r\n\r\n\r\n<p>Gemeinsam haben wir einen Hub von System-Spezialisten aufgebaut, der die Entwicklung und den Support von CarMedialabs Software-L\u00f6sungen st\u00e4rkt. Diese Partnerschaft zeigt, wie Win-Win-Situationen durch grenz\u00fcberschreitende Zusammenarbeit entstehen k\u00f6nnen \u2013 ein Modell, das wir weiter ausbauen werden.<\/p>\r\n\r\n\r\n\r\n<div style=\"height:30px\" aria-hidden=\"true\" class=\"wp-block-spacer\"><\/div>\r\n\r\n\r\n\r\n<h3 class=\"wp-block-heading\" id=\"h-shaping-the-mobility-transformation-together\"><strong>Gemeinsam die Mobilit\u00e4tswende gestalten<\/strong><\/h3>\r\n\r\n\r\n\r\n<div class=\"wp-block-columns is-layout-flex wp-container-core-columns-is-layout-9d6595d7 wp-block-columns-is-layout-flex\">\r\n<div class=\"wp-block-column is-layout-flow wp-block-column-is-layout-flow\" style=\"flex-basis:33.33%\">\r\n<figure class=\"wp-block-image size-large\"><img loading=\"lazy\" decoding=\"async\" width=\"888\" height=\"1024\" src=\"https:\/\/www.carmedialab.com\/wp-content\/uploads\/2025\/01\/IMG_7690-scaled-e1736781113557-888x1024.jpeg\" alt=\"\" class=\"wp-image-67349\" srcset=\"https:\/\/www.carmedialab.com\/wp-content\/uploads\/2025\/01\/IMG_7690-scaled-e1736781113557-888x1024.jpeg 888w, https:\/\/www.carmedialab.com\/wp-content\/uploads\/2025\/01\/IMG_7690-scaled-e1736781113557-260x300.jpeg 260w, https:\/\/www.carmedialab.com\/wp-content\/uploads\/2025\/01\/IMG_7690-scaled-e1736781113557-768x885.jpeg 768w, https:\/\/www.carmedialab.com\/wp-content\/uploads\/2025\/01\/IMG_7690-scaled-e1736781113557-1332x1536.jpeg 1332w, https:\/\/www.carmedialab.com\/wp-content\/uploads\/2025\/01\/IMG_7690-scaled-e1736781113557-1776x2048.jpeg 1776w, https:\/\/www.carmedialab.com\/wp-content\/uploads\/2025\/01\/IMG_7690-scaled-e1736781113557.jpeg 1917w\" sizes=\"(max-width: 888px) 100vw, 888px\" \/><\/figure>\r\n<\/div>\r\n\r\n\r\n\r\n<div class=\"wp-block-column is-layout-flow wp-block-column-is-layout-flow\" style=\"flex-basis:66.66%\">\r\n<p>F\u00fcr uns bei CarMedialab ist klar, dass technologische Innovation und nachhaltige Mobilit\u00e4t nur durch Zusammenarbeit auf globaler Ebene erreicht werden k\u00f6nnen. Der Austausch w\u00e4hrend der Reise und die Erlebnisse vor Ort haben uns erneut gezeigt, wie wichtig es ist, Synergien zwischen Kontinenten zu schaffen und voneinander zu lernen.<\/p>\r\n\r\n\r\n\r\n<p>Wir danken Dr. Robert Habeck., dem Bundesministerium f\u00fcr Wirtschaft und Klimaschutz sowie der Delegation der Deutschen Wirtschaft f\u00fcr Ostafrika (AHK Eastern Africa), f\u00fcr die Organisation dieser unvergesslichen Reise und die M\u00f6glichkeit, Teil dieses inspirierenden Netzwerks zu sein.&nbsp;<\/p>\r\n<\/div>\r\n<\/div>\r\n\r\n\r\n\r\n<div style=\"height:20px\" aria-hidden=\"true\" class=\"wp-block-spacer\"><\/div>\r\n\r\n\r\n\r\n<p>M\u00f6chten Sie mehr \u00fcber unsere Arbeit und Partnerschaften erfahren? <\/p>\r\n\r\n\r\n\r\n<p><a href=\"https:\/\/www.carmedialab.com\/en\/contact\/\" target=\"_blank\" rel=\"https:\/\/www.carmedialab.com\/de\/contact\/\">Kontaktieren Sie uns <\/a> &#8211; wir freuen uns auf den Austausch!<\/p>\r\n","protected":false},"excerpt":{"rendered":"<p>CarMedialabs COO Henri Depe Tchatchu war Teil einer Wirtschaftsdelegation unter der Leitung von Bundeswirtschaftsminister und Vizekanzler Dr. Robert Habeck.<\/p>\n","protected":false},"author":8,"featured_media":67343,"comment_status":"closed","ping_status":"closed","sticky":false,"template":"","format":"standard","meta":{"_acf_changed":false,"footnotes":""},"categories":[89],"tags":[],"class_list":["post-67342","post","type-post","status-publish","format-standard","has-post-thumbnail","hentry","category-general"],"acf":[],"yoast_head":"<!-- This site is optimized with the Yoast SEO plugin v26.6 - https:\/\/yoast.com\/wordpress\/plugins\/seo\/ -->\n<title>CarMedialab auf dem 5. German-African Business Summit mit Robert Habeck<\/title>\n<meta name=\"description\" content=\"CarMedialabs COO Henri Depe Tchatchu war Teil einer Wirtschaftsdelegation unter der Leitung von Bundeswirtschaftsminister und Vizekanzler Dr. Robert Habeck.\" \/>\n<meta name=\"robots\" content=\"index, follow, max-snippet:-1, max-image-preview:large, max-video-preview:-1\" \/>\n<link rel=\"canonical\" href=\"http:\/\/CarMedialabs%20COO%20Henri%20Depe%20Tchatchu%20war%20Teil%20einer%20Wirtschaftsdelegation%20unter%20der%20Leitung%20von%20Bundeswirtschaftsminister%20und%20Vizekanzler%20Dr.%20Robert%20Habeck.\" \/>\n<meta property=\"og:locale\" content=\"de_DE\" \/>\n<meta property=\"og:type\" content=\"article\" \/>\n<meta property=\"og:title\" content=\"CarMedialab auf dem 5. German-African Business Summit mit Robert Habeck\" \/>\n<meta property=\"og:description\" content=\"CarMedialabs COO Henri Depe Tchatchu war Teil einer Wirtschaftsdelegation unter der Leitung von Bundeswirtschaftsminister und Vizekanzler Dr. Robert Habeck.\" \/>\n<meta property=\"og:url\" content=\"https:\/\/www.carmedialab.com\/de\/2025\/01\/20\/carmedialab-at-the-5th-german-african-business-summit-with-robert-habeck\/\" \/>\n<meta property=\"og:site_name\" content=\"CarMedialab GmbH\" \/>\n<meta property=\"article:published_time\" content=\"2025-01-20T11:24:51+00:00\" \/>\n<meta property=\"article:modified_time\" content=\"2025-01-20T11:25:40+00:00\" \/>\n<meta property=\"og:image\" content=\"https:\/\/www.carmedialab.com\/wp-content\/uploads\/2025\/01\/IMG_7709-scaled.jpeg\" \/>\n\t<meta property=\"og:image:width\" content=\"2560\" \/>\n\t<meta property=\"og:image:height\" content=\"1920\" \/>\n\t<meta property=\"og:image:type\" content=\"image\/jpeg\" \/>\n<meta name=\"author\" content=\"cgiuffrida\" \/>\n<meta name=\"twitter:card\" content=\"summary_large_image\" \/>\n<meta name=\"twitter:creator\" content=\"@carmedialab\" \/>\n<meta name=\"twitter:site\" content=\"@carmedialab\" \/>\n<meta name=\"twitter:label1\" content=\"Written by\" \/>\n\t<meta name=\"twitter:data1\" content=\"cgiuffrida\" \/>\n\t<meta name=\"twitter:label2\" content=\"Est. reading time\" \/>\n\t<meta name=\"twitter:data2\" content=\"3 minutes\" \/>\n<script type=\"application\/ld+json\" class=\"yoast-schema-graph\">{\"@context\":\"https:\/\/schema.org\",\"@graph\":[{\"@type\":\"Article\",\"@id\":\"https:\/\/www.carmedialab.com\/de\/2025\/01\/20\/carmedialab-at-the-5th-german-african-business-summit-with-robert-habeck\/#article\",\"isPartOf\":{\"@id\":\"https:\/\/www.carmedialab.com\/de\/2025\/01\/20\/carmedialab-at-the-5th-german-african-business-summit-with-robert-habeck\/\"},\"author\":{\"name\":\"cgiuffrida\",\"@id\":\"https:\/\/www.carmedialab.com\/#\/schema\/person\/b94b5345a7484e3d4c56b792bf947b83\"},\"headline\":\"CarMedialab auf dem 5. German-African Business Summit mit Robert Habeck\",\"datePublished\":\"2025-01-20T11:24:51+00:00\",\"dateModified\":\"2025-01-20T11:25:40+00:00\",\"mainEntityOfPage\":{\"@id\":\"https:\/\/www.carmedialab.com\/de\/2025\/01\/20\/carmedialab-at-the-5th-german-african-business-summit-with-robert-habeck\/\"},\"wordCount\":436,\"publisher\":{\"@id\":\"https:\/\/www.carmedialab.com\/#organization\"},\"image\":{\"@id\":\"https:\/\/www.carmedialab.com\/de\/2025\/01\/20\/carmedialab-at-the-5th-german-african-business-summit-with-robert-habeck\/#primaryimage\"},\"thumbnailUrl\":\"https:\/\/www.carmedialab.com\/wp-content\/uploads\/2025\/01\/IMG_7709-scaled.jpeg\",\"articleSection\":[\"Allgemein\"],\"inLanguage\":\"de-DE\"},{\"@type\":\"WebPage\",\"@id\":\"https:\/\/www.carmedialab.com\/de\/2025\/01\/20\/carmedialab-at-the-5th-german-african-business-summit-with-robert-habeck\/\",\"url\":\"https:\/\/www.carmedialab.com\/de\/2025\/01\/20\/carmedialab-at-the-5th-german-african-business-summit-with-robert-habeck\/\",\"name\":\"CarMedialab at the 5th German-African Business Summit\",\"isPartOf\":{\"@id\":\"https:\/\/www.carmedialab.com\/#website\"},\"primaryImageOfPage\":{\"@id\":\"https:\/\/www.carmedialab.com\/de\/2025\/01\/20\/carmedialab-at-the-5th-german-african-business-summit-with-robert-habeck\/#primaryimage\"},\"image\":{\"@id\":\"https:\/\/www.carmedialab.com\/de\/2025\/01\/20\/carmedialab-at-the-5th-german-african-business-summit-with-robert-habeck\/#primaryimage\"},\"thumbnailUrl\":\"https:\/\/www.carmedialab.com\/wp-content\/uploads\/2025\/01\/IMG_7709-scaled.jpeg\",\"datePublished\":\"2025-01-20T11:24:51+00:00\",\"dateModified\":\"2025-01-20T11:25:40+00:00\",\"description\":\"Henri Depe Tchatchu, COO of CarMedialab, was part of a business delegation led by Vice Chancellor Dr. Robert Habeck.\",\"breadcrumb\":{\"@id\":\"https:\/\/www.carmedialab.com\/de\/2025\/01\/20\/carmedialab-at-the-5th-german-african-business-summit-with-robert-habeck\/#breadcrumb\"},\"inLanguage\":\"de-DE\",\"potentialAction\":[{\"@type\":\"ReadAction\",\"target\":[\"https:\/\/www.carmedialab.com\/de\/2025\/01\/20\/carmedialab-at-the-5th-german-african-business-summit-with-robert-habeck\/\"]}]},{\"@type\":\"ImageObject\",\"inLanguage\":\"de-DE\",\"@id\":\"https:\/\/www.carmedialab.com\/de\/2025\/01\/20\/carmedialab-at-the-5th-german-african-business-summit-with-robert-habeck\/#primaryimage\",\"url\":\"https:\/\/www.carmedialab.com\/wp-content\/uploads\/2025\/01\/IMG_7709-scaled.jpeg\",\"contentUrl\":\"https:\/\/www.carmedialab.com\/wp-content\/uploads\/2025\/01\/IMG_7709-scaled.jpeg\",\"width\":2560,\"height\":1920},{\"@type\":\"BreadcrumbList\",\"@id\":\"https:\/\/www.carmedialab.com\/de\/2025\/01\/20\/carmedialab-at-the-5th-german-african-business-summit-with-robert-habeck\/#breadcrumb\",\"itemListElement\":[{\"@type\":\"ListItem\",\"position\":1,\"name\":\"Home\",\"item\":\"https:\/\/www.carmedialab.com\/en\/\"},{\"@type\":\"ListItem\",\"position\":2,\"name\":\"CarMedialab auf dem 5. German-African Business Summit mit Robert Habeck\"}]},{\"@type\":\"WebSite\",\"@id\":\"https:\/\/www.carmedialab.com\/de\/#website\",\"url\":\"https:\/\/www.carmedialab.com\/de\/\",\"name\":\"CarMedialab GmbH\",\"description\":\"\",\"publisher\":{\"@id\":\"https:\/\/www.carmedialab.com\/de\/#organization\"},\"potentialAction\":[{\"@type\":\"SearchAction\",\"target\":{\"@type\":\"EntryPoint\",\"urlTemplate\":\"https:\/\/www.carmedialab.com\/de\/?s={search_term_string}\"},\"query-input\":{\"@type\":\"PropertyValueSpecification\",\"valueRequired\":true,\"valueName\":\"search_term_string\"}}],\"inLanguage\":\"de-DE\"},{\"@type\":\"Organization\",\"@id\":\"https:\/\/www.carmedialab.com\/de\/#organization\",\"name\":\"CarMedialab GmbH\",\"url\":\"https:\/\/www.carmedialab.com\/de\/\",\"logo\":{\"@type\":\"ImageObject\",\"inLanguage\":\"de-DE\",\"@id\":\"https:\/\/www.carmedialab.com\/de\/#\/schema\/logo\/image\/\",\"url\":\"https:\/\/www.carmedialab.com\/wp-content\/uploads\/2023\/10\/cml-logo.svg\",\"contentUrl\":\"https:\/\/www.carmedialab.com\/wp-content\/uploads\/2023\/10\/cml-logo.svg\",\"width\":1,\"height\":1,\"caption\":\"CarMedialab GmbH\"},\"image\":{\"@id\":\"https:\/\/www.carmedialab.com\/de\/#\/schema\/logo\/image\/\"},\"sameAs\":[\"https:\/\/x.com\/carmedialab\",\"https:\/\/www.linkedin.com\/company\/carmedialab-gmbh\/\",\"https:\/\/www.youtube.com\/channel\/UCRE7GzQfRH5Du-bSk5LQSyg\/videos\",\"https:\/\/www.instagram.com\/carmedialab\/\"]},{\"@type\":\"Person\",\"@id\":\"https:\/\/www.carmedialab.com\/#\/schema\/person\/b94b5345a7484e3d4c56b792bf947b83\",\"name\":\"cgiuffrida\",\"image\":{\"@type\":\"ImageObject\",\"inLanguage\":\"de-DE\",\"@id\":\"https:\/\/www.carmedialab.com\/#\/schema\/person\/image\/\",\"url\":\"https:\/\/www.carmedialab.com\/wp-content\/litespeed\/avatar\/e8fb7317f9854995f9771ff712aebebe.jpg?ver=1777452795\",\"contentUrl\":\"https:\/\/www.carmedialab.com\/wp-content\/litespeed\/avatar\/e8fb7317f9854995f9771ff712aebebe.jpg?ver=1777452795\",\"caption\":\"cgiuffrida\"},\"url\":\"https:\/\/www.carmedialab.com\/de\/author\/cgiuffrida\/\"}]}<\/script>\n<!-- \/ Yoast SEO plugin. -->","yoast_head_json":{"title":"CarMedialab auf dem 5. German-African Business Summit mit Robert Habeck","description":"CarMedialabs COO Henri Depe Tchatchu war Teil einer Wirtschaftsdelegation unter der Leitung von Bundeswirtschaftsminister und Vizekanzler Dr. Robert Habeck.","robots":{"index":"index","follow":"follow","max-snippet":"max-snippet:-1","max-image-preview":"max-image-preview:large","max-video-preview":"max-video-preview:-1"},"canonical":"CarMedialabs COO Henri Depe Tchatchu war Teil einer Wirtschaftsdelegation unter der Leitung von Bundeswirtschaftsminister und Vizekanzler Dr. Robert Habeck.","og_locale":"de_DE","og_type":"article","og_title":"CarMedialab auf dem 5. German-African Business Summit mit Robert Habeck","og_description":"CarMedialabs COO Henri Depe Tchatchu war Teil einer Wirtschaftsdelegation unter der Leitung von Bundeswirtschaftsminister und Vizekanzler Dr. Robert Habeck.","og_url":"https:\/\/www.carmedialab.com\/de\/2025\/01\/20\/carmedialab-at-the-5th-german-african-business-summit-with-robert-habeck\/","og_site_name":"CarMedialab GmbH","article_published_time":"2025-01-20T11:24:51+00:00","article_modified_time":"2025-01-20T11:25:40+00:00","og_image":[{"width":2560,"height":1920,"url":"https:\/\/www.carmedialab.com\/wp-content\/uploads\/2025\/01\/IMG_7709-scaled.jpeg","type":"image\/jpeg"}],"author":"cgiuffrida","twitter_card":"summary_large_image","twitter_creator":"@carmedialab","twitter_site":"@carmedialab","twitter_misc":{"Written by":"cgiuffrida","Est. reading time":"3 minutes"},"schema":{"@context":"https:\/\/schema.org","@graph":[{"@type":"Article","@id":"https:\/\/www.carmedialab.com\/de\/2025\/01\/20\/carmedialab-at-the-5th-german-african-business-summit-with-robert-habeck\/#article","isPartOf":{"@id":"https:\/\/www.carmedialab.com\/de\/2025\/01\/20\/carmedialab-at-the-5th-german-african-business-summit-with-robert-habeck\/"},"author":{"name":"cgiuffrida","@id":"https:\/\/www.carmedialab.com\/#\/schema\/person\/b94b5345a7484e3d4c56b792bf947b83"},"headline":"CarMedialab auf dem 5. German-African Business Summit mit Robert Habeck","datePublished":"2025-01-20T11:24:51+00:00","dateModified":"2025-01-20T11:25:40+00:00","mainEntityOfPage":{"@id":"https:\/\/www.carmedialab.com\/de\/2025\/01\/20\/carmedialab-at-the-5th-german-african-business-summit-with-robert-habeck\/"},"wordCount":436,"publisher":{"@id":"https:\/\/www.carmedialab.com\/#organization"},"image":{"@id":"https:\/\/www.carmedialab.com\/de\/2025\/01\/20\/carmedialab-at-the-5th-german-african-business-summit-with-robert-habeck\/#primaryimage"},"thumbnailUrl":"https:\/\/www.carmedialab.com\/wp-content\/uploads\/2025\/01\/IMG_7709-scaled.jpeg","articleSection":["Allgemein"],"inLanguage":"de-DE"},{"@type":"WebPage","@id":"https:\/\/www.carmedialab.com\/de\/2025\/01\/20\/carmedialab-at-the-5th-german-african-business-summit-with-robert-habeck\/","url":"https:\/\/www.carmedialab.com\/de\/2025\/01\/20\/carmedialab-at-the-5th-german-african-business-summit-with-robert-habeck\/","name":"CarMedialab at the 5th German-African Business Summit","isPartOf":{"@id":"https:\/\/www.carmedialab.com\/#website"},"primaryImageOfPage":{"@id":"https:\/\/www.carmedialab.com\/de\/2025\/01\/20\/carmedialab-at-the-5th-german-african-business-summit-with-robert-habeck\/#primaryimage"},"image":{"@id":"https:\/\/www.carmedialab.com\/de\/2025\/01\/20\/carmedialab-at-the-5th-german-african-business-summit-with-robert-habeck\/#primaryimage"},"thumbnailUrl":"https:\/\/www.carmedialab.com\/wp-content\/uploads\/2025\/01\/IMG_7709-scaled.jpeg","datePublished":"2025-01-20T11:24:51+00:00","dateModified":"2025-01-20T11:25:40+00:00","description":"Henri Depe Tchatchu, COO of CarMedialab, was part of a business delegation led by Vice Chancellor Dr. Robert Habeck.","breadcrumb":{"@id":"https:\/\/www.carmedialab.com\/de\/2025\/01\/20\/carmedialab-at-the-5th-german-african-business-summit-with-robert-habeck\/#breadcrumb"},"inLanguage":"de-DE","potentialAction":[{"@type":"ReadAction","target":["https:\/\/www.carmedialab.com\/de\/2025\/01\/20\/carmedialab-at-the-5th-german-african-business-summit-with-robert-habeck\/"]}]},{"@type":"ImageObject","inLanguage":"de-DE","@id":"https:\/\/www.carmedialab.com\/de\/2025\/01\/20\/carmedialab-at-the-5th-german-african-business-summit-with-robert-habeck\/#primaryimage","url":"https:\/\/www.carmedialab.com\/wp-content\/uploads\/2025\/01\/IMG_7709-scaled.jpeg","contentUrl":"https:\/\/www.carmedialab.com\/wp-content\/uploads\/2025\/01\/IMG_7709-scaled.jpeg","width":2560,"height":1920},{"@type":"BreadcrumbList","@id":"https:\/\/www.carmedialab.com\/de\/2025\/01\/20\/carmedialab-at-the-5th-german-african-business-summit-with-robert-habeck\/#breadcrumb","itemListElement":[{"@type":"ListItem","position":1,"name":"Home","item":"https:\/\/www.carmedialab.com\/en\/"},{"@type":"ListItem","position":2,"name":"CarMedialab auf dem 5. German-African Business Summit mit Robert Habeck"}]},{"@type":"WebSite","@id":"https:\/\/www.carmedialab.com\/de\/#website","url":"https:\/\/www.carmedialab.com\/de\/","name":"CarMedialab GmbH","description":"","publisher":{"@id":"https:\/\/www.carmedialab.com\/de\/#organization"},"potentialAction":[{"@type":"SearchAction","target":{"@type":"EntryPoint","urlTemplate":"https:\/\/www.carmedialab.com\/de\/?s={search_term_string}"},"query-input":{"@type":"PropertyValueSpecification","valueRequired":true,"valueName":"search_term_string"}}],"inLanguage":"de-DE"},{"@type":"Organization","@id":"https:\/\/www.carmedialab.com\/de\/#organization","name":"CarMedialab GmbH","url":"https:\/\/www.carmedialab.com\/de\/","logo":{"@type":"ImageObject","inLanguage":"de-DE","@id":"https:\/\/www.carmedialab.com\/de\/#\/schema\/logo\/image\/","url":"https:\/\/www.carmedialab.com\/wp-content\/uploads\/2023\/10\/cml-logo.svg","contentUrl":"https:\/\/www.carmedialab.com\/wp-content\/uploads\/2023\/10\/cml-logo.svg","width":1,"height":1,"caption":"CarMedialab GmbH"},"image":{"@id":"https:\/\/www.carmedialab.com\/de\/#\/schema\/logo\/image\/"},"sameAs":["https:\/\/x.com\/carmedialab","https:\/\/www.linkedin.com\/company\/carmedialab-gmbh\/","https:\/\/www.youtube.com\/channel\/UCRE7GzQfRH5Du-bSk5LQSyg\/videos","https:\/\/www.instagram.com\/carmedialab\/"]},{"@type":"Person","@id":"https:\/\/www.carmedialab.com\/#\/schema\/person\/b94b5345a7484e3d4c56b792bf947b83","name":"cgiuffrida","image":{"@type":"ImageObject","inLanguage":"de-DE","@id":"https:\/\/www.carmedialab.com\/#\/schema\/person\/image\/","url":"https:\/\/www.carmedialab.com\/wp-content\/litespeed\/avatar\/e8fb7317f9854995f9771ff712aebebe.jpg?ver=1777452795","contentUrl":"https:\/\/www.carmedialab.com\/wp-content\/litespeed\/avatar\/e8fb7317f9854995f9771ff712aebebe.jpg?ver=1777452795","caption":"cgiuffrida"},"url":"https:\/\/www.carmedialab.com\/de\/author\/cgiuffrida\/"}]}},"_links":{"self":[{"href":"https:\/\/www.carmedialab.com\/de\/wp-json\/wp\/v2\/posts\/67342","targetHints":{"allow":["GET"]}}],"collection":[{"href":"https:\/\/www.carmedialab.com\/de\/wp-json\/wp\/v2\/posts"}],"about":[{"href":"https:\/\/www.carmedialab.com\/de\/wp-json\/wp\/v2\/types\/post"}],"author":[{"embeddable":true,"href":"https:\/\/www.carmedialab.com\/de\/wp-json\/wp\/v2\/users\/8"}],"replies":[{"embeddable":true,"href":"https:\/\/www.carmedialab.com\/de\/wp-json\/wp\/v2\/comments?post=67342"}],"version-history":[{"count":10,"href":"https:\/\/www.carmedialab.com\/de\/wp-json\/wp\/v2\/posts\/67342\/revisions"}],"predecessor-version":[{"id":67437,"href":"https:\/\/www.carmedialab.com\/de\/wp-json\/wp\/v2\/posts\/67342\/revisions\/67437"}],"wp:featuredmedia":[{"embeddable":true,"href":"https:\/\/www.carmedialab.com\/de\/wp-json\/wp\/v2\/media\/67343"}],"wp:attachment":[{"href":"https:\/\/www.carmedialab.com\/de\/wp-json\/wp\/v2\/media?parent=67342"}],"wp:term":[{"taxonomy":"category","embeddable":true,"href":"https:\/\/www.carmedialab.com\/de\/wp-json\/wp\/v2\/categories?post=67342"},{"taxonomy":"post_tag","embeddable":true,"href":"https:\/\/www.carmedialab.com\/de\/wp-json\/wp\/v2\/tags?post=67342"}],"curies":[{"name":"wp","href":"https:\/\/api.w.org\/{rel}","templated":true}]}}