{"id":67057,"date":"2024-12-05T09:26:25","date_gmt":"2024-12-05T09:26:25","guid":{"rendered":"https:\/\/www.carmedialab.com\/en\/?p=67057"},"modified":"2024-12-05T09:28:05","modified_gmt":"2024-12-05T09:28:05","slug":"dynamic-power-management-in-the-bus-depot","status":"publish","type":"post","link":"https:\/\/www.carmedialab.com\/de\/2024\/12\/05\/dynamic-power-management-im-busdepot\/","title":{"rendered":"Intelligente Nutzung von Stromangeboten"},"content":{"rendered":"\r\n<h3 class=\"wp-block-heading\" id=\"h-dynamic-power-management\">Dynamic-Power-Management<\/h3>\r\n\r\n\r\n\r\n<p>Mit der wachsenden Bedeutung von Elektromobilit\u00e4t wird das effiziente Management von Lade&shy;infrastrukturen immer entscheidender. Die Anforderungen an Stromversorgung und Ladeleistung variieren jedoch stark \u2013 sowohl abh\u00e4ngig von der Tageszeit als auch von der Verf\u00fcgbarkeit erneuerbarer Energiequellen. Um solche Herausforderungen zu bew\u00e4ltigen, haben wir bei CML das Dynamic-Power-Management als  eines der neuesten Features im MOBILEcharge-System entwickelt.<\/p>\r\n\r\n\r\n\r\n<div style=\"height:20px\" aria-hidden=\"true\" class=\"wp-block-spacer\"><\/div>\r\n\r\n\r\n\r\n<h3 class=\"wp-block-heading\" id=\"h-maximum-charging-efficiency-through-intelligent-use-of-power\">Maximale Ladeeffizienz<\/h3>\r\n\r\n\r\n\r\n<p>Das Dynamic-Power-Management passt die Stromverteilung Ihrer Ladeinfrastruktur dynamisch an die verf\u00fcgbare Energie an. Wenn mehr Strom zur Verf\u00fcgung steht, etwa nachts oder bei hoher Solarstromproduktion, wird automatisch mehr Energie f\u00fcr das Laden Ihrer Elektrofahrzeuge bereitgestellt. Sobald weniger Strom verf\u00fcgbar ist, wird die Ladeleistung entsprechend gedrosselt. Das bedeutet: eine maximale Ladeeffizienz.<\/p>\r\n\r\n\r\n\r\n<div style=\"height:20px\" aria-hidden=\"true\" class=\"wp-block-spacer\"><\/div>\r\n\r\n\r\n\r\n<h3 class=\"wp-block-heading\" id=\"h-how-does-it-work\"><strong>Wie funktioniert es?<\/strong><\/h3>\r\n\r\n\r\n\r\n<p>Das MOBILEcharge-System \u00fcberwacht in Echtzeit die Stromversorgung und optimiert die Zuweisung f\u00fcr Ihre Ladeinfrastruktur. Nehmen wir ein einfaches Beispiel: <\/p>\r\n\r\n\r\n\r\n<p>Tags\u00fcber, wenn mehr Strom f\u00fcr Betriebsgeb\u00e4ude oder andere Anlagen ben\u00f6tigt wird, kann die Leistung f\u00fcr die Ladeinfrastruktur entsprechend reduziert werden. Nachts oder bei starker Sonneneinstrahlung durch eine Solaranlage kann  die \u00fcbersch\u00fcssige Energie hingegen auf die Lades\u00e4ulen umgeleitet werden. So haben Sie immer die volle Kontrolle \u00fcber die Stromverteilung \u2013 ganz ohne manuelles Eingreifen.<\/p>\r\n\r\n\r\n\r\n<figure class=\"wp-block-video aligncenter\"><video height=\"1080\" style=\"aspect-ratio: 2132 \/ 1080;\" width=\"2132\" autoplay loop muted src=\"https:\/\/www.carmedialab.com\/wp-content\/uploads\/2024\/12\/Animation_V4-2.mp4\"><\/video><figcaption class=\"wp-element-caption\"><em>So funktioniert das Dynamic-Power-Management<\/em><\/figcaption><\/figure>\r\n\r\n\r\n\r\n<div style=\"height:20px\" aria-hidden=\"true\" class=\"wp-block-spacer\"><\/div>\r\n\r\n\r\n\r\n<h3 class=\"wp-block-heading\" id=\"h-the-advantages-at-a-glance\"><strong>Die Vorteile auf einen Blick<\/strong><\/h3>\r\n\r\n\r\n\r\n<ul class=\"wp-block-list\">\r\n<li><strong>Maximale Effizienz<\/strong><br>Durch die dynamische Anpassung wird stets die maximale verf\u00fcgbare Energie in Ihre Ladeinfrastruktur investiert.<br><br><\/li>\r\n\r\n\r\n\r\n<li><strong>Optimale Nutzung erneuerbarer Energien<\/strong><br>Wenn Solarstrom oder andere erneuerbare Energiequellen verf\u00fcgbar sind, wird diese Energie bevorzugt zum Laden genutzt.<br><br><\/li>\r\n\r\n\r\n\r\n<li><strong>Einfache Handhabung<\/strong><br>Das System entscheidet ganz automatisch, wie viel Strom f\u00fcr Ihre Lades\u00e4ulen bereitgestellt wird \u2013 ohne, dass Sie eingreifen m\u00fcssen.<br><br><\/li>\r\n\r\n\r\n\r\n<li><strong>Nachhaltigkeit und Kostenersparnis<\/strong><br>Mit einer besseren Nutzung von \u00dcberschussstrom k\u00f6nnen Betriebskosten gesenkt und so der Einsatz fossiler Energie reduziert werden.<\/li>\r\n<\/ul>\r\n\r\n\r\n\r\n<div style=\"height:20px\" aria-hidden=\"true\" class=\"wp-block-spacer\"><\/div>\r\n\r\n\r\n\r\n<h3 class=\"wp-block-heading\" id=\"h-practical-example\"><strong>Praxisbeispiel<\/strong><\/h3>\r\n\r\n\r\n\r\n<p>Stellen Sie sich einen Verkehrsbetrieb mit mehreren Elektrofahrzeugen und einer begrenzten Anschlussleistung vor. Tags\u00fcber wird der Strom prim\u00e4r f\u00fcr den Betrieb des Geb\u00e4udes und die Lades\u00e4ulen verteilt. Nach Feierabend jedoch, wenn in Geb\u00e4uden kaum Strom gebraucht wird, kann das Dynamic-Power-Management daf\u00fcr sorgen, dass diese Energie in die Lades\u00e4ulen flie\u00dft. Das Ergebnis: mehr Fahrzeuge werden \u00fcber Nacht geladen, ohne zus\u00e4tzliche Energieinfrastruktur zu ben\u00f6tigen.<\/p>\r\n\r\n\r\n\r\n<div style=\"height:20px\" aria-hidden=\"true\" class=\"wp-block-spacer\"><\/div>\r\n\r\n\r\n\r\n<h3 class=\"wp-block-heading\" id=\"h-future-proofed-charging-solutions-with-mobilecharge\"><strong>Zukunftssichere Ladel\u00f6sungen mit MOBILEcharge<\/strong><\/h3>\r\n\r\n\r\n\r\n<div style=\"height:10px\" aria-hidden=\"true\" class=\"wp-block-spacer\"><\/div>\r\n\r\n\r\n\r\n<div class=\"wp-block-columns is-layout-flex wp-container-core-columns-is-layout-9d6595d7 wp-block-columns-is-layout-flex\">\r\n<div class=\"wp-block-column is-layout-flow wp-block-column-is-layout-flow\" style=\"flex-basis:33.33%\">\r\n<figure class=\"wp-block-image size-full\"><img loading=\"lazy\" decoding=\"async\" width=\"1000\" height=\"644\" src=\"https:\/\/www.carmedialab.com\/wp-content\/uploads\/2024\/11\/cropped-hand-holding-light-bulb_web3.jpg\" alt=\"\" class=\"wp-image-67069\" srcset=\"https:\/\/www.carmedialab.com\/wp-content\/uploads\/2024\/11\/cropped-hand-holding-light-bulb_web3.jpg 1000w, https:\/\/www.carmedialab.com\/wp-content\/uploads\/2024\/11\/cropped-hand-holding-light-bulb_web3-300x193.jpg 300w, https:\/\/www.carmedialab.com\/wp-content\/uploads\/2024\/11\/cropped-hand-holding-light-bulb_web3-768x495.jpg 768w\" sizes=\"(max-width: 1000px) 100vw, 1000px\" \/><\/figure>\r\n<\/div>\r\n\r\n\r\n\r\n<div class=\"wp-block-column is-layout-flow wp-block-column-is-layout-flow\" style=\"flex-basis:66.66%\">\r\n<p>Das  Dynamic-Power-Management ist ein weiterer Schritt, um die Ladeinfrastruktur intelligenter, effizienter und nachhaltiger zu gestalten. Besonders in Kombination mit erneuerbaren Energien, wie Solar- oder Windkraft, bietet das Feature enormes Potenzial, um die Energiekosten zu senken und die Umwelt zu entlasten.<\/p>\r\n<\/div>\r\n<\/div>\r\n\r\n\r\n\r\n<p>Mit MOBILEcharge und dem neuen Dynamic-Power-Management bleiben Sie flexibel und nutzen Ihre Energie optimal \u2013 genau dann, wenn sie zur Verf\u00fcgung steht. &nbsp;<\/p>\r\n\r\n\r\n\r\n<p>M\u00f6chten Sie mehr erfahren? Kontaktieren Sie uns f\u00fcr eine individuelle Beratung oder eine Demo zu unserer Lademanagementl\u00f6sung.<\/p>\r\n","protected":false},"excerpt":{"rendered":"<p>Die Anforderungen an Stromversorgung und Ladeleistung variieren stark \u2013 sowohl abh\u00e4ngig von der Tageszeit als auch von der Verf\u00fcgbarkeit erneuerbarer Energiequellen. Um solche Herausforderungen zu bew\u00e4ltigen, haben wir  das Dynamic-Power-Management entwickelt.<\/p>\n","protected":false},"author":3,"featured_media":67059,"comment_status":"closed","ping_status":"closed","sticky":false,"template":"","format":"standard","meta":{"_acf_changed":false,"footnotes":""},"categories":[30],"tags":[],"class_list":["post-67057","post","type-post","status-publish","format-standard","has-post-thumbnail","hentry","category-public-transport"],"acf":[],"yoast_head":"<!-- This site is optimized with the Yoast SEO plugin v26.6 - https:\/\/yoast.com\/wordpress\/plugins\/seo\/ -->\n<title>Intelligente Nutzung von Stromangeboten<\/title>\n<meta name=\"description\" content=\"Die Anforderungen an Stromversorgung und Ladeleistung variieren stark \u2013 sowohl abh\u00e4ngig von der Tageszeit als auch von der Verf\u00fcgbarkeit erneuerbarer Energiequellen. Um solche Herausforderungen zu bew\u00e4ltigen, haben wir das Dynamic-Power-Management entwickelt.\" \/>\n<meta name=\"robots\" content=\"index, follow, max-snippet:-1, max-image-preview:large, max-video-preview:-1\" \/>\n<link rel=\"canonical\" href=\"http:\/\/Die%20Anforderungen%20an%20Stromversorgung%20und%20Ladeleistung%20variieren%20stark%20\u2013%20sowohl%20abh\u00e4ngig%20von%20der%20Tageszeit%20als%20auch%20von%20der%20Verf\u00fcgbarkeit%20erneuerbarer%20Energiequellen.%20Um%20solche%20Herausforderungen%20zu%20bew\u00e4ltigen,%20haben%20wir%20das%20Dynamic-Power-Management%20entwickelt.\" \/>\n<meta property=\"og:locale\" content=\"de_DE\" \/>\n<meta property=\"og:type\" content=\"article\" \/>\n<meta property=\"og:title\" content=\"Intelligente Nutzung von Stromangeboten\" \/>\n<meta property=\"og:description\" content=\"Die Anforderungen an Stromversorgung und Ladeleistung variieren stark \u2013 sowohl abh\u00e4ngig von der Tageszeit als auch von der Verf\u00fcgbarkeit erneuerbarer Energiequellen. Um solche Herausforderungen zu bew\u00e4ltigen, haben wir das Dynamic-Power-Management entwickelt.\" \/>\n<meta property=\"og:url\" content=\"https:\/\/www.carmedialab.com\/de\/2024\/12\/05\/dynamic-power-management-im-busdepot\/\" \/>\n<meta property=\"og:site_name\" content=\"CarMedialab GmbH\" \/>\n<meta property=\"article:published_time\" content=\"2024-12-05T09:26:25+00:00\" \/>\n<meta property=\"article:modified_time\" content=\"2024-12-05T09:28:05+00:00\" \/>\n<meta property=\"og:image\" content=\"https:\/\/www.carmedialab.com\/wp-content\/uploads\/2024\/11\/matthew-henry-unsplash_web-1024x487.png\" \/>\n\t<meta property=\"og:image:width\" content=\"1024\" \/>\n\t<meta property=\"og:image:height\" content=\"487\" \/>\n\t<meta property=\"og:image:type\" content=\"image\/png\" \/>\n<meta name=\"author\" content=\"Marion G\u00f6rmann\" \/>\n<meta name=\"twitter:card\" content=\"summary_large_image\" \/>\n<meta name=\"twitter:creator\" content=\"@carmedialab\" \/>\n<meta name=\"twitter:site\" content=\"@carmedialab\" \/>\n<meta name=\"twitter:label1\" content=\"Written by\" \/>\n\t<meta name=\"twitter:data1\" content=\"Marion G\u00f6rmann\" \/>\n\t<meta name=\"twitter:label2\" content=\"Est. reading time\" \/>\n\t<meta name=\"twitter:data2\" content=\"3 minutes\" \/>\n<script type=\"application\/ld+json\" class=\"yoast-schema-graph\">{\"@context\":\"https:\/\/schema.org\",\"@graph\":[{\"@type\":\"Article\",\"@id\":\"https:\/\/www.carmedialab.com\/de\/2024\/12\/05\/dynamic-power-management-im-busdepot\/#article\",\"isPartOf\":{\"@id\":\"https:\/\/www.carmedialab.com\/de\/2024\/12\/05\/dynamic-power-management-im-busdepot\/\"},\"author\":{\"name\":\"Marion G\u00f6rmann\",\"@id\":\"https:\/\/www.carmedialab.com\/#\/schema\/person\/04d0a9762fad778c6fe89d2aa8206670\"},\"headline\":\"Intelligente Nutzung von Stromangeboten\",\"datePublished\":\"2024-12-05T09:26:25+00:00\",\"dateModified\":\"2024-12-05T09:28:05+00:00\",\"mainEntityOfPage\":{\"@id\":\"https:\/\/www.carmedialab.com\/de\/2024\/12\/05\/dynamic-power-management-im-busdepot\/\"},\"wordCount\":466,\"publisher\":{\"@id\":\"https:\/\/www.carmedialab.com\/#organization\"},\"image\":{\"@id\":\"https:\/\/www.carmedialab.com\/de\/2024\/12\/05\/dynamic-power-management-im-busdepot\/#primaryimage\"},\"thumbnailUrl\":\"https:\/\/www.carmedialab.com\/wp-content\/uploads\/2024\/11\/matthew-henry-unsplash_web.png\",\"articleSection\":[\"Public Transport\"],\"inLanguage\":\"de-DE\"},{\"@type\":\"WebPage\",\"@id\":\"https:\/\/www.carmedialab.com\/de\/2024\/12\/05\/dynamic-power-management-im-busdepot\/\",\"url\":\"https:\/\/www.carmedialab.com\/de\/2024\/12\/05\/dynamic-power-management-im-busdepot\/\",\"name\":\"Intelligent use of energy sources - CarMedialab GmbH\",\"isPartOf\":{\"@id\":\"https:\/\/www.carmedialab.com\/#website\"},\"primaryImageOfPage\":{\"@id\":\"https:\/\/www.carmedialab.com\/de\/2024\/12\/05\/dynamic-power-management-im-busdepot\/#primaryimage\"},\"image\":{\"@id\":\"https:\/\/www.carmedialab.com\/de\/2024\/12\/05\/dynamic-power-management-im-busdepot\/#primaryimage\"},\"thumbnailUrl\":\"https:\/\/www.carmedialab.com\/wp-content\/uploads\/2024\/11\/matthew-henry-unsplash_web.png\",\"datePublished\":\"2024-12-05T09:26:25+00:00\",\"dateModified\":\"2024-12-05T09:28:05+00:00\",\"description\":\"The Dynamic Power Management dynamically adapts the power distribution of your charging infrastructure to the energy available.\",\"breadcrumb\":{\"@id\":\"https:\/\/www.carmedialab.com\/de\/2024\/12\/05\/dynamic-power-management-im-busdepot\/#breadcrumb\"},\"inLanguage\":\"de-DE\",\"potentialAction\":[{\"@type\":\"ReadAction\",\"target\":[\"https:\/\/www.carmedialab.com\/de\/2024\/12\/05\/dynamic-power-management-im-busdepot\/\"]}]},{\"@type\":\"ImageObject\",\"inLanguage\":\"de-DE\",\"@id\":\"https:\/\/www.carmedialab.com\/de\/2024\/12\/05\/dynamic-power-management-im-busdepot\/#primaryimage\",\"url\":\"https:\/\/www.carmedialab.com\/wp-content\/uploads\/2024\/11\/matthew-henry-unsplash_web.png\",\"contentUrl\":\"https:\/\/www.carmedialab.com\/wp-content\/uploads\/2024\/11\/matthew-henry-unsplash_web.png\",\"width\":2000,\"height\":952},{\"@type\":\"BreadcrumbList\",\"@id\":\"https:\/\/www.carmedialab.com\/de\/2024\/12\/05\/dynamic-power-management-im-busdepot\/#breadcrumb\",\"itemListElement\":[{\"@type\":\"ListItem\",\"position\":1,\"name\":\"Home\",\"item\":\"https:\/\/www.carmedialab.com\/en\/\"},{\"@type\":\"ListItem\",\"position\":2,\"name\":\"Intelligente Nutzung von Stromangeboten\"}]},{\"@type\":\"WebSite\",\"@id\":\"https:\/\/www.carmedialab.com\/de\/#website\",\"url\":\"https:\/\/www.carmedialab.com\/de\/\",\"name\":\"CarMedialab GmbH\",\"description\":\"\",\"publisher\":{\"@id\":\"https:\/\/www.carmedialab.com\/de\/#organization\"},\"potentialAction\":[{\"@type\":\"SearchAction\",\"target\":{\"@type\":\"EntryPoint\",\"urlTemplate\":\"https:\/\/www.carmedialab.com\/de\/?s={search_term_string}\"},\"query-input\":{\"@type\":\"PropertyValueSpecification\",\"valueRequired\":true,\"valueName\":\"search_term_string\"}}],\"inLanguage\":\"de-DE\"},{\"@type\":\"Organization\",\"@id\":\"https:\/\/www.carmedialab.com\/de\/#organization\",\"name\":\"CarMedialab GmbH\",\"url\":\"https:\/\/www.carmedialab.com\/de\/\",\"logo\":{\"@type\":\"ImageObject\",\"inLanguage\":\"de-DE\",\"@id\":\"https:\/\/www.carmedialab.com\/de\/#\/schema\/logo\/image\/\",\"url\":\"https:\/\/www.carmedialab.com\/wp-content\/uploads\/2023\/10\/cml-logo.svg\",\"contentUrl\":\"https:\/\/www.carmedialab.com\/wp-content\/uploads\/2023\/10\/cml-logo.svg\",\"width\":1,\"height\":1,\"caption\":\"CarMedialab GmbH\"},\"image\":{\"@id\":\"https:\/\/www.carmedialab.com\/de\/#\/schema\/logo\/image\/\"},\"sameAs\":[\"https:\/\/x.com\/carmedialab\",\"https:\/\/www.linkedin.com\/company\/carmedialab-gmbh\/\",\"https:\/\/www.youtube.com\/channel\/UCRE7GzQfRH5Du-bSk5LQSyg\/videos\",\"https:\/\/www.instagram.com\/carmedialab\/\"]},{\"@type\":\"Person\",\"@id\":\"https:\/\/www.carmedialab.com\/#\/schema\/person\/04d0a9762fad778c6fe89d2aa8206670\",\"name\":\"Marion G\u00f6rmann\",\"image\":{\"@type\":\"ImageObject\",\"inLanguage\":\"de-DE\",\"@id\":\"https:\/\/www.carmedialab.com\/#\/schema\/person\/image\/\",\"url\":\"https:\/\/www.carmedialab.com\/wp-content\/litespeed\/avatar\/31f7e8341ed675952821cdbe9739d7d1.jpg?ver=1777468151\",\"contentUrl\":\"https:\/\/www.carmedialab.com\/wp-content\/litespeed\/avatar\/31f7e8341ed675952821cdbe9739d7d1.jpg?ver=1777468151\",\"caption\":\"Marion G\u00f6rmann\"},\"url\":\"https:\/\/www.carmedialab.com\/de\/author\/mgoermann\/\"}]}<\/script>\n<!-- \/ Yoast SEO plugin. -->","yoast_head_json":{"title":"Intelligente Nutzung von Stromangeboten","description":"Die Anforderungen an Stromversorgung und Ladeleistung variieren stark \u2013 sowohl abh\u00e4ngig von der Tageszeit als auch von der Verf\u00fcgbarkeit erneuerbarer Energiequellen. Um solche Herausforderungen zu bew\u00e4ltigen, haben wir das Dynamic-Power-Management entwickelt.","robots":{"index":"index","follow":"follow","max-snippet":"max-snippet:-1","max-image-preview":"max-image-preview:large","max-video-preview":"max-video-preview:-1"},"canonical":"Die Anforderungen an Stromversorgung und Ladeleistung variieren stark \u2013 sowohl abh\u00e4ngig von der Tageszeit als auch von der Verf\u00fcgbarkeit erneuerbarer Energiequellen. Um solche Herausforderungen zu bew\u00e4ltigen, haben wir das Dynamic-Power-Management entwickelt.","og_locale":"de_DE","og_type":"article","og_title":"Intelligente Nutzung von Stromangeboten","og_description":"Die Anforderungen an Stromversorgung und Ladeleistung variieren stark \u2013 sowohl abh\u00e4ngig von der Tageszeit als auch von der Verf\u00fcgbarkeit erneuerbarer Energiequellen. Um solche Herausforderungen zu bew\u00e4ltigen, haben wir das Dynamic-Power-Management entwickelt.","og_url":"https:\/\/www.carmedialab.com\/de\/2024\/12\/05\/dynamic-power-management-im-busdepot\/","og_site_name":"CarMedialab GmbH","article_published_time":"2024-12-05T09:26:25+00:00","article_modified_time":"2024-12-05T09:28:05+00:00","og_image":[{"width":1024,"height":487,"url":"https:\/\/www.carmedialab.com\/wp-content\/uploads\/2024\/11\/matthew-henry-unsplash_web-1024x487.png","type":"image\/png"}],"author":"Marion G\u00f6rmann","twitter_card":"summary_large_image","twitter_creator":"@carmedialab","twitter_site":"@carmedialab","twitter_misc":{"Written by":"Marion G\u00f6rmann","Est. reading time":"3 minutes"},"schema":{"@context":"https:\/\/schema.org","@graph":[{"@type":"Article","@id":"https:\/\/www.carmedialab.com\/de\/2024\/12\/05\/dynamic-power-management-im-busdepot\/#article","isPartOf":{"@id":"https:\/\/www.carmedialab.com\/de\/2024\/12\/05\/dynamic-power-management-im-busdepot\/"},"author":{"name":"Marion G\u00f6rmann","@id":"https:\/\/www.carmedialab.com\/#\/schema\/person\/04d0a9762fad778c6fe89d2aa8206670"},"headline":"Intelligente Nutzung von Stromangeboten","datePublished":"2024-12-05T09:26:25+00:00","dateModified":"2024-12-05T09:28:05+00:00","mainEntityOfPage":{"@id":"https:\/\/www.carmedialab.com\/de\/2024\/12\/05\/dynamic-power-management-im-busdepot\/"},"wordCount":466,"publisher":{"@id":"https:\/\/www.carmedialab.com\/#organization"},"image":{"@id":"https:\/\/www.carmedialab.com\/de\/2024\/12\/05\/dynamic-power-management-im-busdepot\/#primaryimage"},"thumbnailUrl":"https:\/\/www.carmedialab.com\/wp-content\/uploads\/2024\/11\/matthew-henry-unsplash_web.png","articleSection":["Public Transport"],"inLanguage":"de-DE"},{"@type":"WebPage","@id":"https:\/\/www.carmedialab.com\/de\/2024\/12\/05\/dynamic-power-management-im-busdepot\/","url":"https:\/\/www.carmedialab.com\/de\/2024\/12\/05\/dynamic-power-management-im-busdepot\/","name":"Intelligent use of energy sources - CarMedialab GmbH","isPartOf":{"@id":"https:\/\/www.carmedialab.com\/#website"},"primaryImageOfPage":{"@id":"https:\/\/www.carmedialab.com\/de\/2024\/12\/05\/dynamic-power-management-im-busdepot\/#primaryimage"},"image":{"@id":"https:\/\/www.carmedialab.com\/de\/2024\/12\/05\/dynamic-power-management-im-busdepot\/#primaryimage"},"thumbnailUrl":"https:\/\/www.carmedialab.com\/wp-content\/uploads\/2024\/11\/matthew-henry-unsplash_web.png","datePublished":"2024-12-05T09:26:25+00:00","dateModified":"2024-12-05T09:28:05+00:00","description":"The Dynamic Power Management dynamically adapts the power distribution of your charging infrastructure to the energy available.","breadcrumb":{"@id":"https:\/\/www.carmedialab.com\/de\/2024\/12\/05\/dynamic-power-management-im-busdepot\/#breadcrumb"},"inLanguage":"de-DE","potentialAction":[{"@type":"ReadAction","target":["https:\/\/www.carmedialab.com\/de\/2024\/12\/05\/dynamic-power-management-im-busdepot\/"]}]},{"@type":"ImageObject","inLanguage":"de-DE","@id":"https:\/\/www.carmedialab.com\/de\/2024\/12\/05\/dynamic-power-management-im-busdepot\/#primaryimage","url":"https:\/\/www.carmedialab.com\/wp-content\/uploads\/2024\/11\/matthew-henry-unsplash_web.png","contentUrl":"https:\/\/www.carmedialab.com\/wp-content\/uploads\/2024\/11\/matthew-henry-unsplash_web.png","width":2000,"height":952},{"@type":"BreadcrumbList","@id":"https:\/\/www.carmedialab.com\/de\/2024\/12\/05\/dynamic-power-management-im-busdepot\/#breadcrumb","itemListElement":[{"@type":"ListItem","position":1,"name":"Home","item":"https:\/\/www.carmedialab.com\/en\/"},{"@type":"ListItem","position":2,"name":"Intelligente Nutzung von Stromangeboten"}]},{"@type":"WebSite","@id":"https:\/\/www.carmedialab.com\/de\/#website","url":"https:\/\/www.carmedialab.com\/de\/","name":"CarMedialab GmbH","description":"","publisher":{"@id":"https:\/\/www.carmedialab.com\/de\/#organization"},"potentialAction":[{"@type":"SearchAction","target":{"@type":"EntryPoint","urlTemplate":"https:\/\/www.carmedialab.com\/de\/?s={search_term_string}"},"query-input":{"@type":"PropertyValueSpecification","valueRequired":true,"valueName":"search_term_string"}}],"inLanguage":"de-DE"},{"@type":"Organization","@id":"https:\/\/www.carmedialab.com\/de\/#organization","name":"CarMedialab GmbH","url":"https:\/\/www.carmedialab.com\/de\/","logo":{"@type":"ImageObject","inLanguage":"de-DE","@id":"https:\/\/www.carmedialab.com\/de\/#\/schema\/logo\/image\/","url":"https:\/\/www.carmedialab.com\/wp-content\/uploads\/2023\/10\/cml-logo.svg","contentUrl":"https:\/\/www.carmedialab.com\/wp-content\/uploads\/2023\/10\/cml-logo.svg","width":1,"height":1,"caption":"CarMedialab GmbH"},"image":{"@id":"https:\/\/www.carmedialab.com\/de\/#\/schema\/logo\/image\/"},"sameAs":["https:\/\/x.com\/carmedialab","https:\/\/www.linkedin.com\/company\/carmedialab-gmbh\/","https:\/\/www.youtube.com\/channel\/UCRE7GzQfRH5Du-bSk5LQSyg\/videos","https:\/\/www.instagram.com\/carmedialab\/"]},{"@type":"Person","@id":"https:\/\/www.carmedialab.com\/#\/schema\/person\/04d0a9762fad778c6fe89d2aa8206670","name":"Marion G\u00f6rmann","image":{"@type":"ImageObject","inLanguage":"de-DE","@id":"https:\/\/www.carmedialab.com\/#\/schema\/person\/image\/","url":"https:\/\/www.carmedialab.com\/wp-content\/litespeed\/avatar\/31f7e8341ed675952821cdbe9739d7d1.jpg?ver=1777468151","contentUrl":"https:\/\/www.carmedialab.com\/wp-content\/litespeed\/avatar\/31f7e8341ed675952821cdbe9739d7d1.jpg?ver=1777468151","caption":"Marion G\u00f6rmann"},"url":"https:\/\/www.carmedialab.com\/de\/author\/mgoermann\/"}]}},"_links":{"self":[{"href":"https:\/\/www.carmedialab.com\/de\/wp-json\/wp\/v2\/posts\/67057","targetHints":{"allow":["GET"]}}],"collection":[{"href":"https:\/\/www.carmedialab.com\/de\/wp-json\/wp\/v2\/posts"}],"about":[{"href":"https:\/\/www.carmedialab.com\/de\/wp-json\/wp\/v2\/types\/post"}],"author":[{"embeddable":true,"href":"https:\/\/www.carmedialab.com\/de\/wp-json\/wp\/v2\/users\/3"}],"replies":[{"embeddable":true,"href":"https:\/\/www.carmedialab.com\/de\/wp-json\/wp\/v2\/comments?post=67057"}],"version-history":[{"count":10,"href":"https:\/\/www.carmedialab.com\/de\/wp-json\/wp\/v2\/posts\/67057\/revisions"}],"predecessor-version":[{"id":67141,"href":"https:\/\/www.carmedialab.com\/de\/wp-json\/wp\/v2\/posts\/67057\/revisions\/67141"}],"wp:featuredmedia":[{"embeddable":true,"href":"https:\/\/www.carmedialab.com\/de\/wp-json\/wp\/v2\/media\/67059"}],"wp:attachment":[{"href":"https:\/\/www.carmedialab.com\/de\/wp-json\/wp\/v2\/media?parent=67057"}],"wp:term":[{"taxonomy":"category","embeddable":true,"href":"https:\/\/www.carmedialab.com\/de\/wp-json\/wp\/v2\/categories?post=67057"},{"taxonomy":"post_tag","embeddable":true,"href":"https:\/\/www.carmedialab.com\/de\/wp-json\/wp\/v2\/tags?post=67057"}],"curies":[{"name":"wp","href":"https:\/\/api.w.org\/{rel}","templated":true}]}}