{"id":65058,"date":"2024-07-23T08:09:43","date_gmt":"2024-07-23T08:09:43","guid":{"rendered":"https:\/\/www.carmedialab.com\/en\/?p=65058"},"modified":"2024-07-23T08:09:43","modified_gmt":"2024-07-23T08:09:43","slug":"voelklinger-verkehrsbetriebe-expands-integrated-e-mobility-solutions-from-init-group","status":"publish","type":"post","link":"https:\/\/www.carmedialab.com\/de\/2024\/07\/23\/voelklinger-verkehrsbetriebe-expands-integrated-e-mobility-solutions-from-init-group\/","title":{"rendered":"Die V\u00f6lklinger Verkehrsbetriebe erweitern integrierte E-Mobilit\u00e4tsl\u00f6sungen der INIT Gruppe"},"content":{"rendered":"\r\n<h3 class=\"wp-block-heading\" id=\"h-mobilecharge-now-optimizes-the-charging-processes-of-the-e-buses-in-volklingen\"><strong>MOBILEcharge optimiert jetzt die Ladevorg\u00e4nge der E-Busse in V\u00f6lklingen<\/strong><\/h3>\r\n\r\n\r\n\r\n<p>Die <a href=\"https:\/\/www.my-stadtwerk.de\/unternehmen\" target=\"_blank\" rel=\"noreferrer noopener\">V\u00f6lklinger Verkehrsbetriebe GmbH<\/a> haben sich nun auch f\u00fcr das Lademanagementsystem MOBILEcharge von CarMedialab, einem Tochterunternehmen der <a href=\"https:\/\/www.initse.com\/dede\/home\/\" target=\"_blank\" rel=\"noreferrer noopener\">INIT Gruppe<\/a>, entschieden, um die Ladeprozesse ihrer stetig wachsenden E-Busflotte effizient zu verwalten.&nbsp;<\/p>\r\n\r\n\r\n\r\n<div style=\"height:30px\" aria-hidden=\"true\" class=\"wp-block-spacer\"><\/div>\r\n\r\n\r\n\r\n<h3 class=\"wp-block-heading\" id=\"h-sustainability-and-innovation-at-volklinger-verkehrsbetriebe\"><strong>Nachhaltigkeit und Innovation bei den V\u00f6lklinger Verkehrsbetrieben<\/strong><\/h3>\r\n\r\n\r\n\r\n<p>Seit Fr\u00fchjahr 2022 setzen die V\u00f6lklinger Verkehrsbetriebe auf vollelektrische Fahrzeuge und haben bis 2023 bereits sechs E-Busse, darunter einen Gelenkbus, in Betrieb genommen. Diese E-Busse tragen ma\u00dfgeblich zur Reduktion der CO2-Emissionen und zur F\u00f6rderung eines klimafreundlichen \u00f6ffentlichen Nahverkehrs bei. Die Ladeinfrastruktur des Verkehrsbetriebs umfasst aktuell sechs 150 KW Schnellader. Eine komplett sanierte Werkstatthalle mit einem hochmodernen elektrischen Dacharbeitsstand unterst\u00fctzt die Wartung der E-Fahrzeuge.<\/p>\r\n\r\n\r\n\r\n<div style=\"height:30px\" aria-hidden=\"true\" class=\"wp-block-spacer\"><\/div>\r\n\r\n\r\n\r\n<div class=\"wp-block-columns is-layout-flex wp-container-core-columns-is-layout-9d6595d7 wp-block-columns-is-layout-flex\">\r\n<div class=\"wp-block-column is-layout-flow wp-block-column-is-layout-flow\"><div class=\"wp-block-image\">\r\n<figure class=\"aligncenter size-full is-resized\"><img loading=\"lazy\" decoding=\"async\" width=\"801\" height=\"800\" src=\"https:\/\/www.carmedialab.com\/wp-content\/uploads\/2024\/07\/csm_Foto_2_e0ce57c14d.jpg\" alt=\"\" class=\"wp-image-65059\" style=\"width:375px;height:auto\" srcset=\"https:\/\/www.carmedialab.com\/wp-content\/uploads\/2024\/07\/csm_Foto_2_e0ce57c14d.jpg 801w, https:\/\/www.carmedialab.com\/wp-content\/uploads\/2024\/07\/csm_Foto_2_e0ce57c14d-300x300.jpg 300w, https:\/\/www.carmedialab.com\/wp-content\/uploads\/2024\/07\/csm_Foto_2_e0ce57c14d-150x150.jpg 150w, https:\/\/www.carmedialab.com\/wp-content\/uploads\/2024\/07\/csm_Foto_2_e0ce57c14d-768x767.jpg 768w\" sizes=\"(max-width: 801px) 100vw, 801px\" \/><figcaption class=\"wp-element-caption\"><em>Batterien auf den D\u00e4chern der E-Busse<\/em><\/figcaption><\/figure>\r\n<\/div><\/div>\r\n\r\n\r\n\r\n<div class=\"wp-block-column is-layout-flow wp-block-column-is-layout-flow\"><div class=\"wp-block-image\">\r\n<figure class=\"aligncenter size-full is-resized\"><img loading=\"lazy\" decoding=\"async\" width=\"800\" height=\"800\" src=\"https:\/\/www.carmedialab.com\/wp-content\/uploads\/2024\/07\/csm_Foto_3_9224a09719.jpg\" alt=\"\" class=\"wp-image-65060\" style=\"width:375px;height:auto\" srcset=\"https:\/\/www.carmedialab.com\/wp-content\/uploads\/2024\/07\/csm_Foto_3_9224a09719.jpg 800w, https:\/\/www.carmedialab.com\/wp-content\/uploads\/2024\/07\/csm_Foto_3_9224a09719-300x300.jpg 300w, https:\/\/www.carmedialab.com\/wp-content\/uploads\/2024\/07\/csm_Foto_3_9224a09719-150x150.jpg 150w, https:\/\/www.carmedialab.com\/wp-content\/uploads\/2024\/07\/csm_Foto_3_9224a09719-768x768.jpg 768w\" sizes=\"(max-width: 800px) 100vw, 800px\" \/><figcaption class=\"wp-element-caption\"><em>Firmengel\u00e4nde der V\u00f6lklinger Verkehrsbetriebe<\/em><\/figcaption><\/figure>\r\n<\/div><\/div>\r\n<\/div>\r\n\r\n\r\n\r\n<p>F\u00fcr die Jahre 2024 und 2025 ist der weitere Ausbau der Ladeinfrastruktur geplant, um die Ladebed\u00fcrfnisse der bereits bestellten 15 neuen vollelektrischen Fahrzeuge zu erf\u00fcllen. Diese umfassen zwei Gelenkbusse und 12 Solobusse von MAN sowie einen Kleinbus auf Basis des Mercedes Sprinter.<\/p>\r\n\r\n\r\n\r\n<div style=\"height:30px\" aria-hidden=\"true\" class=\"wp-block-spacer\"><\/div>\r\n\r\n\r\n\r\n<h3 class=\"wp-block-heading\" id=\"h-long-term-partnership-with-init-and-carmedialab\"><strong>Langj\u00e4hrige Partnerschaft mit INIT und CarMedialab<\/strong><\/h3>\r\n\r\n\r\n\r\n<p>Die V\u00f6lklinger Verkehrsbetriebe sind bereits langj\u00e4hrige Kunden der INIT, der Muttergesellschaft von CarMedialab, und nutzen die Systeme eMOBILE-PLAN f\u00fcr die Busplanung mit dem integrierten Optimierungstool MOBILEopti sowie das Depotmanagementsystem MOBILE-DMS.<\/p>\r\n\r\n\r\n\r\n<p>Mit der Einf\u00fchrung von <a href=\"https:\/\/www.carmedialab.com\/en\/public-transport\/charge-management\/\" target=\"_blank\" rel=\"noreferrer noopener\">MOBILEcharge<\/a> wird nun auch das Lademanagement auf ein neues Niveau gehoben. Das System umfasst 22 Ladepunkte, darunter ein mobiler Ladepunkt von Temes, 6 Ladepunkte von Siemens und 15 Ladepunkte von Ekoenergetyka. Diese Ladepunkte erm\u00f6glichen eine optimierte und strategische Ladeplanung, um unter anderem die Verf\u00fcgbarkeit der Busse zu maximieren und die Betriebskosten zu senken.<\/p>\r\n\r\n\r\n\r\n<p>Durch die Erweiterung um MOBILEcharge k\u00f6nnen sich die V\u00f6lklinger Verkehrsbetriebe weitere Vorteile der integrierten Gesamtl\u00f6sung von INIT erschlie\u00dfen. Durch die Verkn\u00fcpfung von Lademagement und Depotmanagement kann ein optimierter Ladeplan erstellt werden, der sicherstellt, dass alle Fahrzeuge nur so viel Ladeleistung erhalten, wie sie zur Erf\u00fcllung des n\u00e4chsten Umlaufes ben\u00f6tigen und der die Spitzenlast und damit die Gesamtenergiekosten minimiert. Au\u00dferdem kann sichergestellt werden, dass Fahrzeuge automatisiert neu disponiert werden, sollte ein Ladevorgang nicht ordnungsgem\u00e4\u00df durchgef\u00fchrt werden k\u00f6nnen. Zudem k\u00f6nnen Stellpl\u00e4tze an der Ladeinfrastrukur ausfahroptimiert zugewiesen werden.<\/p>\r\n\r\n\r\n\r\n<div style=\"height:30px\" aria-hidden=\"true\" class=\"wp-block-spacer\"><\/div>\r\n\r\n\r\n\r\n<h3 class=\"wp-block-heading\" id=\"h-installation-in-july-2024\"><strong>Installation im Juli 2024<\/strong><\/h3>\r\n\r\n\r\n\r\n<p>Die Installation des MOBILEcharge-Systems ist f\u00fcr Juli 2024 geplant und umfasst die Integration von Ladepunkten f\u00fcr die verschiedenen Busmodelle, darunter sechs Busse von VDL und neue Busse von MAN, die im August 2024 erwartet werden.<\/p>\r\n\r\n\r\n\r\n<div style=\"height:50px\" aria-hidden=\"true\" class=\"wp-block-spacer\"><\/div>\r\n\r\n\r\n\r\n<div class=\"wp-block-columns is-layout-flex wp-container-core-columns-is-layout-9d6595d7 wp-block-columns-is-layout-flex\">\r\n<div class=\"wp-block-column is-layout-flow wp-block-column-is-layout-flow\" style=\"flex-basis:33.33%\"><div class=\"wp-block-image\">\r\n<figure class=\"aligncenter size-full is-resized\"><img loading=\"lazy\" decoding=\"async\" width=\"188\" height=\"188\" src=\"https:\/\/www.carmedialab.com\/wp-content\/uploads\/2024\/07\/x_y_70e3e7_05-3.webp\" alt=\"\" class=\"wp-image-65063\" style=\"width:141px;height:auto\" srcset=\"https:\/\/www.carmedialab.com\/wp-content\/uploads\/2024\/07\/x_y_70e3e7_05-3.webp 188w, https:\/\/www.carmedialab.com\/wp-content\/uploads\/2024\/07\/x_y_70e3e7_05-3-150x150.webp 150w\" sizes=\"(max-width: 188px) 100vw, 188px\" \/><\/figure>\r\n<\/div><\/div>\r\n\r\n\r\n\r\n<div class=\"wp-block-column is-layout-flow wp-block-column-is-layout-flow\" style=\"flex-basis:66.66%\">\r\n<p class=\"has-text-align-center\"><em>\u201eDer Wechsel zur E-Mobilit\u00e4t im \u00f6ffentlichen Nahverkehr verbessert nachhaltig die Lebensqualit\u00e4t der B\u00fcrgerinnen und B\u00fcrger in V\u00f6lklingen und der Region \u2013 und motiviert auch andere, auf ein klimaneutrales Fortbewegungsmittel umzusteigen.\u201c&nbsp;<\/em><\/p>\r\n\r\n\r\n\r\n<div style=\"height:10px\" aria-hidden=\"true\" class=\"wp-block-spacer\"><\/div>\r\n\r\n\r\n\r\n<p class=\"has-text-align-center\">Thorsten Gundacker<br>Gesch\u00e4ftsf\u00fchrer der V\u00f6lklinger Verkehrsbetriebe GmbH<\/p>\r\n<\/div>\r\n<\/div>\r\n\r\n\r\n\r\n<div style=\"height:10px\" aria-hidden=\"true\" class=\"wp-block-spacer\"><\/div>\r\n\r\n\r\n\r\n<h3 class=\"wp-block-heading\" id=\"h-about-carmedialab\"><strong>\u00dcber CarMedialab<\/strong><\/h3>\r\n\r\n\r\n\r\n<p>CarMedialab, ein Tochterunternehmen der INIT, bietet innovative L\u00f6sungen f\u00fcr das Lademanagement von Elektrobussen und unterst\u00fctzt Verkehrsbetriebe dabei, ihre Flotten effizient und nachhaltig zu betreiben. Mit dem Lademanagementsystem MOBILEcharge k\u00f6nnen Ladeprozesse optimiert und die Betriebskosten gesenkt werden.<\/p>\r\n\r\n\r\n\r\n<div style=\"height:30px\" aria-hidden=\"true\" class=\"wp-block-spacer\"><\/div>\r\n\r\n\r\n\r\n<h3 class=\"wp-block-heading\" id=\"h-about-init\"><strong>\u00dcber INIT<\/strong><\/h3>\r\n\r\n\r\n\r\n<p>INIT ist weltweit f\u00fchrender Anbieter von IT-L\u00f6sungen f\u00fcr den \u00f6ffentlichen Nahverkehr. Mit einem umfassenden Produktportfolio, das Systeme f\u00fcr Planung, Disposition, Fahrgastinformation, Ticketing, Betriebshofmanagement und Telematik umfasst, unterst\u00fctzt INIT Verkehrsbetriebe dabei, ihre Effizienz zu steigern und die Servicequalit\u00e4t zu verbessern.<\/p>\r\n","protected":false},"excerpt":{"rendered":"<p>Die V\u00f6lklinger Verkehrsbetriebe GmbH haben sich nun auch f\u00fcr das Lademanagementsystem MOBILEcharge von CarMedialab, einem Tochterunternehmen der INIT Gruppe, entschieden, um die Ladeprozesse ihrer stetig wachsenden E-Busflotte effizient zu verwalten. <\/p>\n","protected":false},"author":8,"featured_media":65062,"comment_status":"closed","ping_status":"closed","sticky":false,"template":"","format":"standard","meta":{"_acf_changed":false,"footnotes":""},"categories":[30],"tags":[],"class_list":["post-65058","post","type-post","status-publish","format-standard","has-post-thumbnail","hentry","category-public-transport"],"acf":[],"yoast_head":"<!-- This site is optimized with the Yoast SEO plugin v26.6 - https:\/\/yoast.com\/wordpress\/plugins\/seo\/ -->\n<title>Die V\u00f6lklinger Verkehrsbetriebe erweitern integrierte E-Mobilit\u00e4tsl\u00f6sungen der INIT Gruppe<\/title>\n<meta name=\"description\" content=\"Die V\u00f6lklinger Verkehrsbetriebe GmbH haben sich nun auch f\u00fcr das Lademanagementsystem MOBILEcharge von CarMedialab, einem Tochterunternehmen der INIT Gruppe, entschieden, um die Ladeprozesse ihrer stetig wachsenden E-Busflotte effizient zu verwalten.\" \/>\n<meta name=\"robots\" content=\"index, follow, max-snippet:-1, max-image-preview:large, max-video-preview:-1\" \/>\n<link rel=\"canonical\" href=\"http:\/\/Die%20V\u00f6lklinger%20Verkehrsbetriebe%20GmbH%20haben%20sich%20nun%20auch%20f\u00fcr%20das%20Lademanagementsystem%20MOBILEcharge%20von%20CarMedialab,%20einem%20Tochterunternehmen%20der%20INIT%20Gruppe,%20entschieden,%20um%20die%20Ladeprozesse%20ihrer%20stetig%20wachsenden%20E-Busflotte%20effizient%20zu%20verwalten.\" \/>\n<meta property=\"og:locale\" content=\"de_DE\" \/>\n<meta property=\"og:type\" content=\"article\" \/>\n<meta property=\"og:title\" content=\"Die V\u00f6lklinger Verkehrsbetriebe erweitern integrierte E-Mobilit\u00e4tsl\u00f6sungen der INIT Gruppe\" \/>\n<meta property=\"og:description\" content=\"Die V\u00f6lklinger Verkehrsbetriebe GmbH haben sich nun auch f\u00fcr das Lademanagementsystem MOBILEcharge von CarMedialab, einem Tochterunternehmen der INIT Gruppe, entschieden, um die Ladeprozesse ihrer stetig wachsenden E-Busflotte effizient zu verwalten.\" \/>\n<meta property=\"og:url\" content=\"https:\/\/www.carmedialab.com\/de\/2024\/07\/23\/voelklinger-verkehrsbetriebe-expands-integrated-e-mobility-solutions-from-init-group\/\" \/>\n<meta property=\"og:site_name\" content=\"CarMedialab GmbH\" \/>\n<meta property=\"article:published_time\" content=\"2024-07-23T08:09:43+00:00\" \/>\n<meta property=\"og:image\" content=\"https:\/\/www.carmedialab.com\/wp-content\/uploads\/2024\/07\/csm_Foto_6_191b18d565.jpg\" \/>\n\t<meta property=\"og:image:width\" content=\"992\" \/>\n\t<meta property=\"og:image:height\" content=\"662\" \/>\n\t<meta property=\"og:image:type\" content=\"image\/jpeg\" \/>\n<meta name=\"author\" content=\"cgiuffrida\" \/>\n<meta name=\"twitter:card\" content=\"summary_large_image\" \/>\n<meta name=\"twitter:creator\" content=\"@carmedialab\" \/>\n<meta name=\"twitter:site\" content=\"@carmedialab\" \/>\n<meta name=\"twitter:label1\" content=\"Written by\" \/>\n\t<meta name=\"twitter:data1\" content=\"cgiuffrida\" \/>\n\t<meta name=\"twitter:label2\" content=\"Est. reading time\" \/>\n\t<meta name=\"twitter:data2\" content=\"4 minutes\" \/>\n<script type=\"application\/ld+json\" class=\"yoast-schema-graph\">{\"@context\":\"https:\/\/schema.org\",\"@graph\":[{\"@type\":\"Article\",\"@id\":\"https:\/\/www.carmedialab.com\/de\/2024\/07\/23\/voelklinger-verkehrsbetriebe-expands-integrated-e-mobility-solutions-from-init-group\/#article\",\"isPartOf\":{\"@id\":\"https:\/\/www.carmedialab.com\/de\/2024\/07\/23\/voelklinger-verkehrsbetriebe-expands-integrated-e-mobility-solutions-from-init-group\/\"},\"author\":{\"name\":\"cgiuffrida\",\"@id\":\"https:\/\/www.carmedialab.com\/#\/schema\/person\/b94b5345a7484e3d4c56b792bf947b83\"},\"headline\":\"Die V\u00f6lklinger Verkehrsbetriebe erweitern integrierte E-Mobilit\u00e4tsl\u00f6sungen der INIT Gruppe\",\"datePublished\":\"2024-07-23T08:09:43+00:00\",\"mainEntityOfPage\":{\"@id\":\"https:\/\/www.carmedialab.com\/de\/2024\/07\/23\/voelklinger-verkehrsbetriebe-expands-integrated-e-mobility-solutions-from-init-group\/\"},\"wordCount\":549,\"publisher\":{\"@id\":\"https:\/\/www.carmedialab.com\/#organization\"},\"image\":{\"@id\":\"https:\/\/www.carmedialab.com\/de\/2024\/07\/23\/voelklinger-verkehrsbetriebe-expands-integrated-e-mobility-solutions-from-init-group\/#primaryimage\"},\"thumbnailUrl\":\"https:\/\/www.carmedialab.com\/wp-content\/uploads\/2024\/07\/csm_Foto_6_191b18d565.jpg\",\"articleSection\":[\"Public Transport\"],\"inLanguage\":\"de-DE\"},{\"@type\":\"WebPage\",\"@id\":\"https:\/\/www.carmedialab.com\/de\/2024\/07\/23\/voelklinger-verkehrsbetriebe-expands-integrated-e-mobility-solutions-from-init-group\/\",\"url\":\"https:\/\/www.carmedialab.com\/de\/2024\/07\/23\/voelklinger-verkehrsbetriebe-expands-integrated-e-mobility-solutions-from-init-group\/\",\"name\":\"V\u00f6lklinger Verkehrsbetriebe expands integrated e-mobility solutions\",\"isPartOf\":{\"@id\":\"https:\/\/www.carmedialab.com\/#website\"},\"primaryImageOfPage\":{\"@id\":\"https:\/\/www.carmedialab.com\/de\/2024\/07\/23\/voelklinger-verkehrsbetriebe-expands-integrated-e-mobility-solutions-from-init-group\/#primaryimage\"},\"image\":{\"@id\":\"https:\/\/www.carmedialab.com\/de\/2024\/07\/23\/voelklinger-verkehrsbetriebe-expands-integrated-e-mobility-solutions-from-init-group\/#primaryimage\"},\"thumbnailUrl\":\"https:\/\/www.carmedialab.com\/wp-content\/uploads\/2024\/07\/csm_Foto_6_191b18d565.jpg\",\"datePublished\":\"2024-07-23T08:09:43+00:00\",\"description\":\"V\u00f6lklingen has opted for the charge management system from CarMedialab to efficiently manage the charging processes of its e-bus fleet.\",\"breadcrumb\":{\"@id\":\"https:\/\/www.carmedialab.com\/de\/2024\/07\/23\/voelklinger-verkehrsbetriebe-expands-integrated-e-mobility-solutions-from-init-group\/#breadcrumb\"},\"inLanguage\":\"de-DE\",\"potentialAction\":[{\"@type\":\"ReadAction\",\"target\":[\"https:\/\/www.carmedialab.com\/de\/2024\/07\/23\/voelklinger-verkehrsbetriebe-expands-integrated-e-mobility-solutions-from-init-group\/\"]}]},{\"@type\":\"ImageObject\",\"inLanguage\":\"de-DE\",\"@id\":\"https:\/\/www.carmedialab.com\/de\/2024\/07\/23\/voelklinger-verkehrsbetriebe-expands-integrated-e-mobility-solutions-from-init-group\/#primaryimage\",\"url\":\"https:\/\/www.carmedialab.com\/wp-content\/uploads\/2024\/07\/csm_Foto_6_191b18d565.jpg\",\"contentUrl\":\"https:\/\/www.carmedialab.com\/wp-content\/uploads\/2024\/07\/csm_Foto_6_191b18d565.jpg\",\"width\":992,\"height\":662},{\"@type\":\"BreadcrumbList\",\"@id\":\"https:\/\/www.carmedialab.com\/de\/2024\/07\/23\/voelklinger-verkehrsbetriebe-expands-integrated-e-mobility-solutions-from-init-group\/#breadcrumb\",\"itemListElement\":[{\"@type\":\"ListItem\",\"position\":1,\"name\":\"Home\",\"item\":\"https:\/\/www.carmedialab.com\/en\/\"},{\"@type\":\"ListItem\",\"position\":2,\"name\":\"Die V\u00f6lklinger Verkehrsbetriebe erweitern integrierte E-Mobilit\u00e4tsl\u00f6sungen der INIT Gruppe\"}]},{\"@type\":\"WebSite\",\"@id\":\"https:\/\/www.carmedialab.com\/de\/#website\",\"url\":\"https:\/\/www.carmedialab.com\/de\/\",\"name\":\"CarMedialab GmbH\",\"description\":\"\",\"publisher\":{\"@id\":\"https:\/\/www.carmedialab.com\/de\/#organization\"},\"potentialAction\":[{\"@type\":\"SearchAction\",\"target\":{\"@type\":\"EntryPoint\",\"urlTemplate\":\"https:\/\/www.carmedialab.com\/de\/?s={search_term_string}\"},\"query-input\":{\"@type\":\"PropertyValueSpecification\",\"valueRequired\":true,\"valueName\":\"search_term_string\"}}],\"inLanguage\":\"de-DE\"},{\"@type\":\"Organization\",\"@id\":\"https:\/\/www.carmedialab.com\/de\/#organization\",\"name\":\"CarMedialab GmbH\",\"url\":\"https:\/\/www.carmedialab.com\/de\/\",\"logo\":{\"@type\":\"ImageObject\",\"inLanguage\":\"de-DE\",\"@id\":\"https:\/\/www.carmedialab.com\/de\/#\/schema\/logo\/image\/\",\"url\":\"https:\/\/www.carmedialab.com\/wp-content\/uploads\/2023\/10\/cml-logo.svg\",\"contentUrl\":\"https:\/\/www.carmedialab.com\/wp-content\/uploads\/2023\/10\/cml-logo.svg\",\"width\":1,\"height\":1,\"caption\":\"CarMedialab GmbH\"},\"image\":{\"@id\":\"https:\/\/www.carmedialab.com\/de\/#\/schema\/logo\/image\/\"},\"sameAs\":[\"https:\/\/x.com\/carmedialab\",\"https:\/\/www.linkedin.com\/company\/carmedialab-gmbh\/\",\"https:\/\/www.youtube.com\/channel\/UCRE7GzQfRH5Du-bSk5LQSyg\/videos\",\"https:\/\/www.instagram.com\/carmedialab\/\"]},{\"@type\":\"Person\",\"@id\":\"https:\/\/www.carmedialab.com\/#\/schema\/person\/b94b5345a7484e3d4c56b792bf947b83\",\"name\":\"cgiuffrida\",\"image\":{\"@type\":\"ImageObject\",\"inLanguage\":\"de-DE\",\"@id\":\"https:\/\/www.carmedialab.com\/#\/schema\/person\/image\/\",\"url\":\"https:\/\/www.carmedialab.com\/wp-content\/litespeed\/avatar\/e8fb7317f9854995f9771ff712aebebe.jpg?ver=1777452795\",\"contentUrl\":\"https:\/\/www.carmedialab.com\/wp-content\/litespeed\/avatar\/e8fb7317f9854995f9771ff712aebebe.jpg?ver=1777452795\",\"caption\":\"cgiuffrida\"},\"url\":\"https:\/\/www.carmedialab.com\/de\/author\/cgiuffrida\/\"}]}<\/script>\n<!-- \/ Yoast SEO plugin. -->","yoast_head_json":{"title":"Die V\u00f6lklinger Verkehrsbetriebe erweitern integrierte E-Mobilit\u00e4tsl\u00f6sungen der INIT Gruppe","description":"Die V\u00f6lklinger Verkehrsbetriebe GmbH haben sich nun auch f\u00fcr das Lademanagementsystem MOBILEcharge von CarMedialab, einem Tochterunternehmen der INIT Gruppe, entschieden, um die Ladeprozesse ihrer stetig wachsenden E-Busflotte effizient zu verwalten.","robots":{"index":"index","follow":"follow","max-snippet":"max-snippet:-1","max-image-preview":"max-image-preview:large","max-video-preview":"max-video-preview:-1"},"canonical":"Die V\u00f6lklinger Verkehrsbetriebe GmbH haben sich nun auch f\u00fcr das Lademanagementsystem MOBILEcharge von CarMedialab, einem Tochterunternehmen der INIT Gruppe, entschieden, um die Ladeprozesse ihrer stetig wachsenden E-Busflotte effizient zu verwalten.","og_locale":"de_DE","og_type":"article","og_title":"Die V\u00f6lklinger Verkehrsbetriebe erweitern integrierte E-Mobilit\u00e4tsl\u00f6sungen der INIT Gruppe","og_description":"Die V\u00f6lklinger Verkehrsbetriebe GmbH haben sich nun auch f\u00fcr das Lademanagementsystem MOBILEcharge von CarMedialab, einem Tochterunternehmen der INIT Gruppe, entschieden, um die Ladeprozesse ihrer stetig wachsenden E-Busflotte effizient zu verwalten.","og_url":"https:\/\/www.carmedialab.com\/de\/2024\/07\/23\/voelklinger-verkehrsbetriebe-expands-integrated-e-mobility-solutions-from-init-group\/","og_site_name":"CarMedialab GmbH","article_published_time":"2024-07-23T08:09:43+00:00","og_image":[{"width":992,"height":662,"url":"https:\/\/www.carmedialab.com\/wp-content\/uploads\/2024\/07\/csm_Foto_6_191b18d565.jpg","type":"image\/jpeg"}],"author":"cgiuffrida","twitter_card":"summary_large_image","twitter_creator":"@carmedialab","twitter_site":"@carmedialab","twitter_misc":{"Written by":"cgiuffrida","Est. reading time":"4 minutes"},"schema":{"@context":"https:\/\/schema.org","@graph":[{"@type":"Article","@id":"https:\/\/www.carmedialab.com\/de\/2024\/07\/23\/voelklinger-verkehrsbetriebe-expands-integrated-e-mobility-solutions-from-init-group\/#article","isPartOf":{"@id":"https:\/\/www.carmedialab.com\/de\/2024\/07\/23\/voelklinger-verkehrsbetriebe-expands-integrated-e-mobility-solutions-from-init-group\/"},"author":{"name":"cgiuffrida","@id":"https:\/\/www.carmedialab.com\/#\/schema\/person\/b94b5345a7484e3d4c56b792bf947b83"},"headline":"Die V\u00f6lklinger Verkehrsbetriebe erweitern integrierte E-Mobilit\u00e4tsl\u00f6sungen der INIT Gruppe","datePublished":"2024-07-23T08:09:43+00:00","mainEntityOfPage":{"@id":"https:\/\/www.carmedialab.com\/de\/2024\/07\/23\/voelklinger-verkehrsbetriebe-expands-integrated-e-mobility-solutions-from-init-group\/"},"wordCount":549,"publisher":{"@id":"https:\/\/www.carmedialab.com\/#organization"},"image":{"@id":"https:\/\/www.carmedialab.com\/de\/2024\/07\/23\/voelklinger-verkehrsbetriebe-expands-integrated-e-mobility-solutions-from-init-group\/#primaryimage"},"thumbnailUrl":"https:\/\/www.carmedialab.com\/wp-content\/uploads\/2024\/07\/csm_Foto_6_191b18d565.jpg","articleSection":["Public Transport"],"inLanguage":"de-DE"},{"@type":"WebPage","@id":"https:\/\/www.carmedialab.com\/de\/2024\/07\/23\/voelklinger-verkehrsbetriebe-expands-integrated-e-mobility-solutions-from-init-group\/","url":"https:\/\/www.carmedialab.com\/de\/2024\/07\/23\/voelklinger-verkehrsbetriebe-expands-integrated-e-mobility-solutions-from-init-group\/","name":"V\u00f6lklinger Verkehrsbetriebe expands integrated e-mobility solutions","isPartOf":{"@id":"https:\/\/www.carmedialab.com\/#website"},"primaryImageOfPage":{"@id":"https:\/\/www.carmedialab.com\/de\/2024\/07\/23\/voelklinger-verkehrsbetriebe-expands-integrated-e-mobility-solutions-from-init-group\/#primaryimage"},"image":{"@id":"https:\/\/www.carmedialab.com\/de\/2024\/07\/23\/voelklinger-verkehrsbetriebe-expands-integrated-e-mobility-solutions-from-init-group\/#primaryimage"},"thumbnailUrl":"https:\/\/www.carmedialab.com\/wp-content\/uploads\/2024\/07\/csm_Foto_6_191b18d565.jpg","datePublished":"2024-07-23T08:09:43+00:00","description":"V\u00f6lklingen has opted for the charge management system from CarMedialab to efficiently manage the charging processes of its e-bus fleet.","breadcrumb":{"@id":"https:\/\/www.carmedialab.com\/de\/2024\/07\/23\/voelklinger-verkehrsbetriebe-expands-integrated-e-mobility-solutions-from-init-group\/#breadcrumb"},"inLanguage":"de-DE","potentialAction":[{"@type":"ReadAction","target":["https:\/\/www.carmedialab.com\/de\/2024\/07\/23\/voelklinger-verkehrsbetriebe-expands-integrated-e-mobility-solutions-from-init-group\/"]}]},{"@type":"ImageObject","inLanguage":"de-DE","@id":"https:\/\/www.carmedialab.com\/de\/2024\/07\/23\/voelklinger-verkehrsbetriebe-expands-integrated-e-mobility-solutions-from-init-group\/#primaryimage","url":"https:\/\/www.carmedialab.com\/wp-content\/uploads\/2024\/07\/csm_Foto_6_191b18d565.jpg","contentUrl":"https:\/\/www.carmedialab.com\/wp-content\/uploads\/2024\/07\/csm_Foto_6_191b18d565.jpg","width":992,"height":662},{"@type":"BreadcrumbList","@id":"https:\/\/www.carmedialab.com\/de\/2024\/07\/23\/voelklinger-verkehrsbetriebe-expands-integrated-e-mobility-solutions-from-init-group\/#breadcrumb","itemListElement":[{"@type":"ListItem","position":1,"name":"Home","item":"https:\/\/www.carmedialab.com\/en\/"},{"@type":"ListItem","position":2,"name":"Die V\u00f6lklinger Verkehrsbetriebe erweitern integrierte E-Mobilit\u00e4tsl\u00f6sungen der INIT Gruppe"}]},{"@type":"WebSite","@id":"https:\/\/www.carmedialab.com\/de\/#website","url":"https:\/\/www.carmedialab.com\/de\/","name":"CarMedialab GmbH","description":"","publisher":{"@id":"https:\/\/www.carmedialab.com\/de\/#organization"},"potentialAction":[{"@type":"SearchAction","target":{"@type":"EntryPoint","urlTemplate":"https:\/\/www.carmedialab.com\/de\/?s={search_term_string}"},"query-input":{"@type":"PropertyValueSpecification","valueRequired":true,"valueName":"search_term_string"}}],"inLanguage":"de-DE"},{"@type":"Organization","@id":"https:\/\/www.carmedialab.com\/de\/#organization","name":"CarMedialab GmbH","url":"https:\/\/www.carmedialab.com\/de\/","logo":{"@type":"ImageObject","inLanguage":"de-DE","@id":"https:\/\/www.carmedialab.com\/de\/#\/schema\/logo\/image\/","url":"https:\/\/www.carmedialab.com\/wp-content\/uploads\/2023\/10\/cml-logo.svg","contentUrl":"https:\/\/www.carmedialab.com\/wp-content\/uploads\/2023\/10\/cml-logo.svg","width":1,"height":1,"caption":"CarMedialab GmbH"},"image":{"@id":"https:\/\/www.carmedialab.com\/de\/#\/schema\/logo\/image\/"},"sameAs":["https:\/\/x.com\/carmedialab","https:\/\/www.linkedin.com\/company\/carmedialab-gmbh\/","https:\/\/www.youtube.com\/channel\/UCRE7GzQfRH5Du-bSk5LQSyg\/videos","https:\/\/www.instagram.com\/carmedialab\/"]},{"@type":"Person","@id":"https:\/\/www.carmedialab.com\/#\/schema\/person\/b94b5345a7484e3d4c56b792bf947b83","name":"cgiuffrida","image":{"@type":"ImageObject","inLanguage":"de-DE","@id":"https:\/\/www.carmedialab.com\/#\/schema\/person\/image\/","url":"https:\/\/www.carmedialab.com\/wp-content\/litespeed\/avatar\/e8fb7317f9854995f9771ff712aebebe.jpg?ver=1777452795","contentUrl":"https:\/\/www.carmedialab.com\/wp-content\/litespeed\/avatar\/e8fb7317f9854995f9771ff712aebebe.jpg?ver=1777452795","caption":"cgiuffrida"},"url":"https:\/\/www.carmedialab.com\/de\/author\/cgiuffrida\/"}]}},"_links":{"self":[{"href":"https:\/\/www.carmedialab.com\/de\/wp-json\/wp\/v2\/posts\/65058","targetHints":{"allow":["GET"]}}],"collection":[{"href":"https:\/\/www.carmedialab.com\/de\/wp-json\/wp\/v2\/posts"}],"about":[{"href":"https:\/\/www.carmedialab.com\/de\/wp-json\/wp\/v2\/types\/post"}],"author":[{"embeddable":true,"href":"https:\/\/www.carmedialab.com\/de\/wp-json\/wp\/v2\/users\/8"}],"replies":[{"embeddable":true,"href":"https:\/\/www.carmedialab.com\/de\/wp-json\/wp\/v2\/comments?post=65058"}],"version-history":[{"count":10,"href":"https:\/\/www.carmedialab.com\/de\/wp-json\/wp\/v2\/posts\/65058\/revisions"}],"predecessor-version":[{"id":65130,"href":"https:\/\/www.carmedialab.com\/de\/wp-json\/wp\/v2\/posts\/65058\/revisions\/65130"}],"wp:featuredmedia":[{"embeddable":true,"href":"https:\/\/www.carmedialab.com\/de\/wp-json\/wp\/v2\/media\/65062"}],"wp:attachment":[{"href":"https:\/\/www.carmedialab.com\/de\/wp-json\/wp\/v2\/media?parent=65058"}],"wp:term":[{"taxonomy":"category","embeddable":true,"href":"https:\/\/www.carmedialab.com\/de\/wp-json\/wp\/v2\/categories?post=65058"},{"taxonomy":"post_tag","embeddable":true,"href":"https:\/\/www.carmedialab.com\/de\/wp-json\/wp\/v2\/tags?post=65058"}],"curies":[{"name":"wp","href":"https:\/\/api.w.org\/{rel}","templated":true}]}}