{"id":37367,"date":"2022-07-06T11:40:20","date_gmt":"2022-07-06T09:40:20","guid":{"rendered":"https:\/\/www.carmedialab.com\/?p=37367"},"modified":"2024-04-16T08:01:50","modified_gmt":"2024-04-16T08:01:50","slug":"vdv-463-makes-charge-planning-easy","status":"publish","type":"post","link":"https:\/\/www.carmedialab.com\/de\/2022\/07\/06\/mit-vdv-463-wird-die-ladeplanung-eine-freude\/","title":{"rendered":"Mit VDV 463 wird die Ladeplanung eine Freude\u00a0"},"content":{"rendered":"<strong>Die richtige Schnittstelle entscheidet \u00fcber Ihren Tagesablauf<\/strong>\r\nSie haben keine Zeit, jeden Ladevorgang und jeden Vorkonditionierungswunsch einzeln zu planen und im Blick zu haben? St\u00e4ndig nach dem Ladezustand der Busse zu schauen ist Ihnen zu aufw\u00e4ndig? Sie bef\u00fcrchten, dass ein Bus mit seiner Ladung seine Tour nicht schafft? Dann ist VDV 463 die passende L\u00f6sung, denn sie ist die entscheidende Schnittstelle f\u00fcr weniger Stress im t\u00e4glichen Betriebsablauf.\r\n\r\n \r\n<div class=\"wp-block-spacer\" aria-hidden=\"true\">&nbsp;<\/div>\r\n Die Herausforderung im zunehmend elektrischen \u00d6ffentlichen Personen Nahverkehr liegt bei Gesamtsystemen, die einen \u00fcbergreifenden Datenaustausch erm\u00f6glichen. Die Kommunikation zwischen Fahrzeug und Ladestation (ISO 15118) sowie zwischen Ladestation und Lademanagementsystem (OCPP) ist bereits standardisiert. F\u00fcr das Lademanagementsystem und das verkehrstr\u00e4ger\u00fcbergreifende Vorsystem gab es bisher kein einheitliches Format. Mit einem genau definierten Standard f\u00fcr die Kommunikation m\u00fcssen Unternehmen nicht mehr eigene L\u00f6sungen entwickeln, die lange Integrationszeiten haben und mit viel Aufwand verbunden sind. Genau darum geht es bei&nbsp;VDV 463. Die Schnittstelle zwischen Lademanagementsystem und den Vorsystemen wie das Intermodal Transport Control System (ITCS) oder das Betriebshof Management System (BMS).\r\n\r\n \r\n<div class=\"wp-block-spacer\" aria-hidden=\"true\">&nbsp;<\/div>\r\n \r\n<figure class=\"wp-block-image size-full is-resized\"><img decoding=\"async\" class=\"wp-image-37503\" src=\"https:\/\/www.carmedialab.com\/wp-content\/uploads\/2022\/07\/VDV_463_de.gif\" alt=\"Die Funktionsweise von VDV 463\" \/>\r\n<figcaption class=\"wp-element-caption\">Die Funktionsweise von VDV 463<\/figcaption><\/figure>\r\n \r\n<div class=\"wp-block-spacer\" aria-hidden=\"true\">&nbsp;<\/div>\r\n <strong>Funktionsweise und Anwendung<\/strong>\r\nDie oben genannten Systeme, die diese Schnittstelle nutzen, erfassen Ist-Daten, welche kontinuierlich in beide Richtungen zwischen den Systemen ausgetauscht werden. Die Schnittstelle wurde f\u00fcr drei verschiedene Anwendungsf\u00e4lle entwickelt.\r\n\r\n \r\n<div class=\"wp-block-spacer\" aria-hidden=\"true\">&nbsp;<\/div>\r\n \r\n<ol class=\"wp-block-list\">\r\n \t<li style=\"list-style-type: none;\">\r\n<ol>\r\n \t<li>Umlauf verwalten und Ladeanfrage bereitstellen von ITCS und BMS an Lademanagementsystem: Neuanforderung oder \u00c4nderungsanforderung<\/li>\r\n<\/ol>\r\n<\/li>\r\n<\/ol>\r\n \r\n<ol>\r\n \t<li style=\"list-style-type: none;\">\r\n<ol>\r\n \t<li>Ladevorgang steuern und Informationen zu Ladevorg\u00e4ngen \u00fcbertragen vom Lademanagementsystem an ITCS<\/li>\r\n<\/ol>\r\n<\/li>\r\n<\/ol>\r\n \r\n<ol>\r\n \t<li style=\"list-style-type: none;\">\r\n<ol>\r\n \t<li>Vorkonditionierungswunsch aus dem Vorsystem im Lademanagement umsetzen und aktuellen Status zur\u00fcckgeben<\/li>\r\n<\/ol>\r\n<\/li>\r\n<\/ol>\r\n\r\n\r\n \r\n<div class=\"wp-block-spacer\" aria-hidden=\"true\">&nbsp;<\/div>\r\n <strong>Ihre Hauptvorteile<\/strong>\r\n\r\n \r\n<ul class=\"wp-block-list\">\r\n \t<li style=\"list-style-type: none;\">\r\n<ul>\r\n \t<li><strong>Flexibilit\u00e4t<\/strong>&nbsp;durch die offene Schnittstelle und somit keine Herstellerbindung<\/li>\r\n<\/ul>\r\n<\/li>\r\n<\/ul>\r\n \r\n<ul>\r\n \t<li style=\"list-style-type: none;\">\r\n<ul>\r\n \t<li><strong>Kompatibilit\u00e4t<\/strong>&nbsp;sicherstellen und damit die Abl\u00e4ufe erheblich vereinfachen<\/li>\r\n<\/ul>\r\n<\/li>\r\n<\/ul>\r\n\r\n\r\n \r\n<div class=\"wp-block-spacer\" aria-hidden=\"true\">&nbsp;<\/div>\r\n Hier geht es zu VDV 463:\r\n\r\n \r\n<div class=\"wp-block-spacer\" aria-hidden=\"true\">&nbsp;<\/div>\r\n <a href=\"https:\/\/knowhow.vdv.de\/documents\/463\/\" target=\"_blank\" rel=\"noreferrer noopener\">https:\/\/knowhow.vdv.de\/documents\/463\/<\/a>\r\n\r\n \r\n<div class=\"wp-block-spacer\" aria-hidden=\"true\">&nbsp;<\/div>\r\n MOBILEcharge im Einsatz:\r\n\r\n \r\n<div class=\"wp-block-spacer\" aria-hidden=\"true\">&nbsp;<\/div>\r\n <a href=\"https:\/\/www.initse.com\/dede\/news-resources\/knowledge-database\/press-releases\/2021\/lade-und-depotmanagement-fuer-leipzigs-elektrobusse\/\" target=\"_blank\" rel=\"noreferrer noopener\">https:\/\/www.initse.com\/dede\/news-resources\/knowledge-database\/press-releases\/2021\/lade-und-depotmanagement-fuer-leipzigs-elektrobusse\/<\/a>\r\n\r\n \r\n<div class=\"wp-block-spacer\" aria-hidden=\"true\">&nbsp;<\/div>\r\n Unser erprobtes und vielfach genutztes Lademanagement MOBILEcharge k\u00f6nnen Sie hier kennen lernen:\r\n\r\n \r\n<div class=\"wp-block-spacer\" aria-hidden=\"true\">&nbsp;<\/div>\r\n <a href=\"https:\/\/www.carmedialab.com\/produkte\/public-transport\/lademanagement\/\" target=\"_blank\" rel=\"noreferrer noopener\">https:\/\/www.carmedialab.com\/produkte\/public-transport\/lademanagement\/<\/a>\r\n\r\n","protected":false},"excerpt":{"rendered":"<p>VDV 463 ist die Schnittstelle als Wegbereiter f\u00fcr Lademanagement und erm\u00f6glicht die Kommunikation zwischen Fahrzeug und Ladestation.<\/p>\n","protected":false},"author":6,"featured_media":55932,"comment_status":"closed","ping_status":"open","sticky":false,"template":"","format":"standard","meta":{"_acf_changed":false,"footnotes":""},"categories":[30],"tags":[140,282,36,289,290,291,292,293,37,138,294,234,235,295,132],"class_list":["post-37367","post","type-post","status-publish","format-standard","has-post-thumbnail","hentry","category-public-transport","tag-electromobility-en","tag-interface-en","tag-iso15118-en","tag-itcs-en","tag-loadingmanagementsystem","tag-loadingpoint","tag-loadingstation","tag-managementsystem","tag-ocpp-en","tag-preconditioning","tag-presystem","tag-smartcharging-en","tag-software-en","tag-vdv-en","tag-vdv463"],"acf":[],"yoast_head":"<!-- This site is optimized with the Yoast SEO plugin v26.6 - https:\/\/yoast.com\/wordpress\/plugins\/seo\/ -->\n<title>Mit VDV 463 wird die Ladeplanung eine Freude\u00a0<\/title>\n<meta name=\"description\" content=\"VDV 463 ist die Schnittstelle als Wegbereiter f\u00fcr Lademanagement und erm\u00f6glicht die Kommunikation zwischen Fahrzeug und Ladestation.\" \/>\n<meta name=\"robots\" content=\"index, follow, max-snippet:-1, max-image-preview:large, max-video-preview:-1\" \/>\n<link rel=\"canonical\" href=\"http:\/\/VDV%20463%20ist%20die%20Schnittstelle%20als%20Wegbereiter%20f\u00fcr%20Lademanagement%20und%20erm\u00f6glicht%20die%20Kommunikation%20zwischen%20Fahrzeug%20und%20Ladestation.\" \/>\n<meta property=\"og:locale\" content=\"de_DE\" \/>\n<meta property=\"og:type\" content=\"article\" \/>\n<meta property=\"og:title\" content=\"Mit VDV 463 wird die Ladeplanung eine Freude\u00a0\" \/>\n<meta property=\"og:description\" content=\"VDV 463 ist die Schnittstelle als Wegbereiter f\u00fcr Lademanagement und erm\u00f6glicht die Kommunikation zwischen Fahrzeug und Ladestation.\" \/>\n<meta property=\"og:url\" content=\"https:\/\/www.carmedialab.com\/de\/2022\/07\/06\/mit-vdv-463-wird-die-ladeplanung-eine-freude\/\" \/>\n<meta property=\"og:site_name\" content=\"CarMedialab GmbH\" \/>\n<meta property=\"article:published_time\" content=\"2022-07-06T09:40:20+00:00\" \/>\n<meta property=\"article:modified_time\" content=\"2024-04-16T08:01:50+00:00\" \/>\n<meta property=\"og:image\" content=\"https:\/\/www.carmedialab.com\/wp-content\/uploads\/2022\/07\/Leipzig_E-Busse_Betriebshof.jpg\" \/>\n\t<meta property=\"og:image:width\" content=\"659\" \/>\n\t<meta property=\"og:image:height\" content=\"518\" \/>\n\t<meta property=\"og:image:type\" content=\"image\/jpeg\" \/>\n<meta name=\"author\" content=\"akrause\" \/>\n<meta name=\"twitter:card\" content=\"summary_large_image\" \/>\n<meta name=\"twitter:creator\" content=\"@carmedialab\" \/>\n<meta name=\"twitter:site\" content=\"@carmedialab\" \/>\n<meta name=\"twitter:label1\" content=\"Written by\" \/>\n\t<meta name=\"twitter:data1\" content=\"akrause\" \/>\n\t<meta name=\"twitter:label2\" content=\"Est. reading time\" \/>\n\t<meta name=\"twitter:data2\" content=\"2 minutes\" \/>\n<script type=\"application\/ld+json\" class=\"yoast-schema-graph\">{\"@context\":\"https:\/\/schema.org\",\"@graph\":[{\"@type\":\"Article\",\"@id\":\"https:\/\/www.carmedialab.com\/de\/2022\/07\/06\/mit-vdv-463-wird-die-ladeplanung-eine-freude\/#article\",\"isPartOf\":{\"@id\":\"https:\/\/www.carmedialab.com\/de\/2022\/07\/06\/mit-vdv-463-wird-die-ladeplanung-eine-freude\/\"},\"author\":{\"name\":\"akrause\",\"@id\":\"https:\/\/www.carmedialab.com\/#\/schema\/person\/ccff2dfd8ee2706395d91f73111a43f6\"},\"headline\":\"Mit VDV 463 wird die Ladeplanung eine Freude\u00a0\",\"datePublished\":\"2022-07-06T09:40:20+00:00\",\"dateModified\":\"2024-04-16T08:01:50+00:00\",\"mainEntityOfPage\":{\"@id\":\"https:\/\/www.carmedialab.com\/de\/2022\/07\/06\/mit-vdv-463-wird-die-ladeplanung-eine-freude\/\"},\"wordCount\":352,\"publisher\":{\"@id\":\"https:\/\/www.carmedialab.com\/#organization\"},\"image\":{\"@id\":\"https:\/\/www.carmedialab.com\/de\/2022\/07\/06\/mit-vdv-463-wird-die-ladeplanung-eine-freude\/#primaryimage\"},\"thumbnailUrl\":\"https:\/\/www.carmedialab.com\/wp-content\/uploads\/2022\/07\/Leipzig_E-Busse_Betriebshof.jpg\",\"keywords\":[\"electromobility\",\"interface\",\"iso15118\",\"itcs\",\"loadingmanagementsystem\",\"loadingpoint\",\"loadingstation\",\"managementsystem\",\"OCPP\",\"preconditioning\",\"presystem\",\"smartcharging\",\"software\",\"vdv\",\"VDV463\"],\"articleSection\":[\"Public Transport\"],\"inLanguage\":\"de-DE\"},{\"@type\":\"WebPage\",\"@id\":\"https:\/\/www.carmedialab.com\/de\/2022\/07\/06\/mit-vdv-463-wird-die-ladeplanung-eine-freude\/\",\"url\":\"https:\/\/www.carmedialab.com\/de\/2022\/07\/06\/mit-vdv-463-wird-die-ladeplanung-eine-freude\/\",\"name\":\"VDV 463 makes charge planning easy - how it works and what to know\",\"isPartOf\":{\"@id\":\"https:\/\/www.carmedialab.com\/#website\"},\"primaryImageOfPage\":{\"@id\":\"https:\/\/www.carmedialab.com\/de\/2022\/07\/06\/mit-vdv-463-wird-die-ladeplanung-eine-freude\/#primaryimage\"},\"image\":{\"@id\":\"https:\/\/www.carmedialab.com\/de\/2022\/07\/06\/mit-vdv-463-wird-die-ladeplanung-eine-freude\/#primaryimage\"},\"thumbnailUrl\":\"https:\/\/www.carmedialab.com\/wp-content\/uploads\/2022\/07\/Leipzig_E-Busse_Betriebshof.jpg\",\"datePublished\":\"2022-07-06T09:40:20+00:00\",\"dateModified\":\"2024-04-16T08:01:50+00:00\",\"breadcrumb\":{\"@id\":\"https:\/\/www.carmedialab.com\/de\/2022\/07\/06\/mit-vdv-463-wird-die-ladeplanung-eine-freude\/#breadcrumb\"},\"inLanguage\":\"de-DE\",\"potentialAction\":[{\"@type\":\"ReadAction\",\"target\":[\"https:\/\/www.carmedialab.com\/de\/2022\/07\/06\/mit-vdv-463-wird-die-ladeplanung-eine-freude\/\"]}]},{\"@type\":\"ImageObject\",\"inLanguage\":\"de-DE\",\"@id\":\"https:\/\/www.carmedialab.com\/de\/2022\/07\/06\/mit-vdv-463-wird-die-ladeplanung-eine-freude\/#primaryimage\",\"url\":\"https:\/\/www.carmedialab.com\/wp-content\/uploads\/2022\/07\/Leipzig_E-Busse_Betriebshof.jpg\",\"contentUrl\":\"https:\/\/www.carmedialab.com\/wp-content\/uploads\/2022\/07\/Leipzig_E-Busse_Betriebshof.jpg\",\"width\":659,\"height\":518,\"caption\":\"Leipzig_E-Busse_Betriebshof\"},{\"@type\":\"BreadcrumbList\",\"@id\":\"https:\/\/www.carmedialab.com\/de\/2022\/07\/06\/mit-vdv-463-wird-die-ladeplanung-eine-freude\/#breadcrumb\",\"itemListElement\":[{\"@type\":\"ListItem\",\"position\":1,\"name\":\"Home\",\"item\":\"https:\/\/www.carmedialab.com\/en\/\"},{\"@type\":\"ListItem\",\"position\":2,\"name\":\"Mit VDV 463 wird die Ladeplanung eine Freude\u00a0\"}]},{\"@type\":\"WebSite\",\"@id\":\"https:\/\/www.carmedialab.com\/de\/#website\",\"url\":\"https:\/\/www.carmedialab.com\/de\/\",\"name\":\"CarMedialab GmbH\",\"description\":\"\",\"publisher\":{\"@id\":\"https:\/\/www.carmedialab.com\/de\/#organization\"},\"potentialAction\":[{\"@type\":\"SearchAction\",\"target\":{\"@type\":\"EntryPoint\",\"urlTemplate\":\"https:\/\/www.carmedialab.com\/de\/?s={search_term_string}\"},\"query-input\":{\"@type\":\"PropertyValueSpecification\",\"valueRequired\":true,\"valueName\":\"search_term_string\"}}],\"inLanguage\":\"de-DE\"},{\"@type\":\"Organization\",\"@id\":\"https:\/\/www.carmedialab.com\/de\/#organization\",\"name\":\"CarMedialab GmbH\",\"url\":\"https:\/\/www.carmedialab.com\/de\/\",\"logo\":{\"@type\":\"ImageObject\",\"inLanguage\":\"de-DE\",\"@id\":\"https:\/\/www.carmedialab.com\/de\/#\/schema\/logo\/image\/\",\"url\":\"https:\/\/www.carmedialab.com\/wp-content\/uploads\/2023\/10\/cml-logo.svg\",\"contentUrl\":\"https:\/\/www.carmedialab.com\/wp-content\/uploads\/2023\/10\/cml-logo.svg\",\"width\":1,\"height\":1,\"caption\":\"CarMedialab GmbH\"},\"image\":{\"@id\":\"https:\/\/www.carmedialab.com\/de\/#\/schema\/logo\/image\/\"},\"sameAs\":[\"https:\/\/x.com\/carmedialab\",\"https:\/\/www.linkedin.com\/company\/carmedialab-gmbh\/\",\"https:\/\/www.youtube.com\/channel\/UCRE7GzQfRH5Du-bSk5LQSyg\/videos\",\"https:\/\/www.instagram.com\/carmedialab\/\"]},{\"@type\":\"Person\",\"@id\":\"https:\/\/www.carmedialab.com\/#\/schema\/person\/ccff2dfd8ee2706395d91f73111a43f6\",\"name\":\"akrause\",\"image\":{\"@type\":\"ImageObject\",\"inLanguage\":\"de-DE\",\"@id\":\"https:\/\/www.carmedialab.com\/#\/schema\/person\/image\/\",\"url\":\"https:\/\/www.carmedialab.com\/wp-content\/litespeed\/avatar\/23494c9101089ad44ae88ce9d2f56aac.jpg?ver=1777544358\",\"contentUrl\":\"https:\/\/www.carmedialab.com\/wp-content\/litespeed\/avatar\/23494c9101089ad44ae88ce9d2f56aac.jpg?ver=1777544358\",\"caption\":\"akrause\"},\"url\":\"https:\/\/www.carmedialab.com\/de\/author\/akrause\/\"}]}<\/script>\n<!-- \/ Yoast SEO plugin. -->","yoast_head_json":{"title":"Mit VDV 463 wird die Ladeplanung eine Freude\u00a0","description":"VDV 463 ist die Schnittstelle als Wegbereiter f\u00fcr Lademanagement und erm\u00f6glicht die Kommunikation zwischen Fahrzeug und Ladestation.","robots":{"index":"index","follow":"follow","max-snippet":"max-snippet:-1","max-image-preview":"max-image-preview:large","max-video-preview":"max-video-preview:-1"},"canonical":"VDV 463 ist die Schnittstelle als Wegbereiter f\u00fcr Lademanagement und erm\u00f6glicht die Kommunikation zwischen Fahrzeug und Ladestation.","og_locale":"de_DE","og_type":"article","og_title":"Mit VDV 463 wird die Ladeplanung eine Freude\u00a0","og_description":"VDV 463 ist die Schnittstelle als Wegbereiter f\u00fcr Lademanagement und erm\u00f6glicht die Kommunikation zwischen Fahrzeug und Ladestation.","og_url":"https:\/\/www.carmedialab.com\/de\/2022\/07\/06\/mit-vdv-463-wird-die-ladeplanung-eine-freude\/","og_site_name":"CarMedialab GmbH","article_published_time":"2022-07-06T09:40:20+00:00","article_modified_time":"2024-04-16T08:01:50+00:00","og_image":[{"width":659,"height":518,"url":"https:\/\/www.carmedialab.com\/wp-content\/uploads\/2022\/07\/Leipzig_E-Busse_Betriebshof.jpg","type":"image\/jpeg"}],"author":"akrause","twitter_card":"summary_large_image","twitter_creator":"@carmedialab","twitter_site":"@carmedialab","twitter_misc":{"Written by":"akrause","Est. reading time":"2 minutes"},"schema":{"@context":"https:\/\/schema.org","@graph":[{"@type":"Article","@id":"https:\/\/www.carmedialab.com\/de\/2022\/07\/06\/mit-vdv-463-wird-die-ladeplanung-eine-freude\/#article","isPartOf":{"@id":"https:\/\/www.carmedialab.com\/de\/2022\/07\/06\/mit-vdv-463-wird-die-ladeplanung-eine-freude\/"},"author":{"name":"akrause","@id":"https:\/\/www.carmedialab.com\/#\/schema\/person\/ccff2dfd8ee2706395d91f73111a43f6"},"headline":"Mit VDV 463 wird die Ladeplanung eine Freude\u00a0","datePublished":"2022-07-06T09:40:20+00:00","dateModified":"2024-04-16T08:01:50+00:00","mainEntityOfPage":{"@id":"https:\/\/www.carmedialab.com\/de\/2022\/07\/06\/mit-vdv-463-wird-die-ladeplanung-eine-freude\/"},"wordCount":352,"publisher":{"@id":"https:\/\/www.carmedialab.com\/#organization"},"image":{"@id":"https:\/\/www.carmedialab.com\/de\/2022\/07\/06\/mit-vdv-463-wird-die-ladeplanung-eine-freude\/#primaryimage"},"thumbnailUrl":"https:\/\/www.carmedialab.com\/wp-content\/uploads\/2022\/07\/Leipzig_E-Busse_Betriebshof.jpg","keywords":["electromobility","interface","iso15118","itcs","loadingmanagementsystem","loadingpoint","loadingstation","managementsystem","OCPP","preconditioning","presystem","smartcharging","software","vdv","VDV463"],"articleSection":["Public Transport"],"inLanguage":"de-DE"},{"@type":"WebPage","@id":"https:\/\/www.carmedialab.com\/de\/2022\/07\/06\/mit-vdv-463-wird-die-ladeplanung-eine-freude\/","url":"https:\/\/www.carmedialab.com\/de\/2022\/07\/06\/mit-vdv-463-wird-die-ladeplanung-eine-freude\/","name":"VDV 463 makes charge planning easy - how it works and what to know","isPartOf":{"@id":"https:\/\/www.carmedialab.com\/#website"},"primaryImageOfPage":{"@id":"https:\/\/www.carmedialab.com\/de\/2022\/07\/06\/mit-vdv-463-wird-die-ladeplanung-eine-freude\/#primaryimage"},"image":{"@id":"https:\/\/www.carmedialab.com\/de\/2022\/07\/06\/mit-vdv-463-wird-die-ladeplanung-eine-freude\/#primaryimage"},"thumbnailUrl":"https:\/\/www.carmedialab.com\/wp-content\/uploads\/2022\/07\/Leipzig_E-Busse_Betriebshof.jpg","datePublished":"2022-07-06T09:40:20+00:00","dateModified":"2024-04-16T08:01:50+00:00","breadcrumb":{"@id":"https:\/\/www.carmedialab.com\/de\/2022\/07\/06\/mit-vdv-463-wird-die-ladeplanung-eine-freude\/#breadcrumb"},"inLanguage":"de-DE","potentialAction":[{"@type":"ReadAction","target":["https:\/\/www.carmedialab.com\/de\/2022\/07\/06\/mit-vdv-463-wird-die-ladeplanung-eine-freude\/"]}]},{"@type":"ImageObject","inLanguage":"de-DE","@id":"https:\/\/www.carmedialab.com\/de\/2022\/07\/06\/mit-vdv-463-wird-die-ladeplanung-eine-freude\/#primaryimage","url":"https:\/\/www.carmedialab.com\/wp-content\/uploads\/2022\/07\/Leipzig_E-Busse_Betriebshof.jpg","contentUrl":"https:\/\/www.carmedialab.com\/wp-content\/uploads\/2022\/07\/Leipzig_E-Busse_Betriebshof.jpg","width":659,"height":518,"caption":"Leipzig_E-Busse_Betriebshof"},{"@type":"BreadcrumbList","@id":"https:\/\/www.carmedialab.com\/de\/2022\/07\/06\/mit-vdv-463-wird-die-ladeplanung-eine-freude\/#breadcrumb","itemListElement":[{"@type":"ListItem","position":1,"name":"Home","item":"https:\/\/www.carmedialab.com\/en\/"},{"@type":"ListItem","position":2,"name":"Mit VDV 463 wird die Ladeplanung eine Freude\u00a0"}]},{"@type":"WebSite","@id":"https:\/\/www.carmedialab.com\/de\/#website","url":"https:\/\/www.carmedialab.com\/de\/","name":"CarMedialab GmbH","description":"","publisher":{"@id":"https:\/\/www.carmedialab.com\/de\/#organization"},"potentialAction":[{"@type":"SearchAction","target":{"@type":"EntryPoint","urlTemplate":"https:\/\/www.carmedialab.com\/de\/?s={search_term_string}"},"query-input":{"@type":"PropertyValueSpecification","valueRequired":true,"valueName":"search_term_string"}}],"inLanguage":"de-DE"},{"@type":"Organization","@id":"https:\/\/www.carmedialab.com\/de\/#organization","name":"CarMedialab GmbH","url":"https:\/\/www.carmedialab.com\/de\/","logo":{"@type":"ImageObject","inLanguage":"de-DE","@id":"https:\/\/www.carmedialab.com\/de\/#\/schema\/logo\/image\/","url":"https:\/\/www.carmedialab.com\/wp-content\/uploads\/2023\/10\/cml-logo.svg","contentUrl":"https:\/\/www.carmedialab.com\/wp-content\/uploads\/2023\/10\/cml-logo.svg","width":1,"height":1,"caption":"CarMedialab GmbH"},"image":{"@id":"https:\/\/www.carmedialab.com\/de\/#\/schema\/logo\/image\/"},"sameAs":["https:\/\/x.com\/carmedialab","https:\/\/www.linkedin.com\/company\/carmedialab-gmbh\/","https:\/\/www.youtube.com\/channel\/UCRE7GzQfRH5Du-bSk5LQSyg\/videos","https:\/\/www.instagram.com\/carmedialab\/"]},{"@type":"Person","@id":"https:\/\/www.carmedialab.com\/#\/schema\/person\/ccff2dfd8ee2706395d91f73111a43f6","name":"akrause","image":{"@type":"ImageObject","inLanguage":"de-DE","@id":"https:\/\/www.carmedialab.com\/#\/schema\/person\/image\/","url":"https:\/\/www.carmedialab.com\/wp-content\/litespeed\/avatar\/23494c9101089ad44ae88ce9d2f56aac.jpg?ver=1777544358","contentUrl":"https:\/\/www.carmedialab.com\/wp-content\/litespeed\/avatar\/23494c9101089ad44ae88ce9d2f56aac.jpg?ver=1777544358","caption":"akrause"},"url":"https:\/\/www.carmedialab.com\/de\/author\/akrause\/"}]}},"_links":{"self":[{"href":"https:\/\/www.carmedialab.com\/de\/wp-json\/wp\/v2\/posts\/37367","targetHints":{"allow":["GET"]}}],"collection":[{"href":"https:\/\/www.carmedialab.com\/de\/wp-json\/wp\/v2\/posts"}],"about":[{"href":"https:\/\/www.carmedialab.com\/de\/wp-json\/wp\/v2\/types\/post"}],"author":[{"embeddable":true,"href":"https:\/\/www.carmedialab.com\/de\/wp-json\/wp\/v2\/users\/6"}],"replies":[{"embeddable":true,"href":"https:\/\/www.carmedialab.com\/de\/wp-json\/wp\/v2\/comments?post=37367"}],"version-history":[{"count":2,"href":"https:\/\/www.carmedialab.com\/de\/wp-json\/wp\/v2\/posts\/37367\/revisions"}],"predecessor-version":[{"id":62075,"href":"https:\/\/www.carmedialab.com\/de\/wp-json\/wp\/v2\/posts\/37367\/revisions\/62075"}],"wp:featuredmedia":[{"embeddable":true,"href":"https:\/\/www.carmedialab.com\/de\/wp-json\/wp\/v2\/media\/55932"}],"wp:attachment":[{"href":"https:\/\/www.carmedialab.com\/de\/wp-json\/wp\/v2\/media?parent=37367"}],"wp:term":[{"taxonomy":"category","embeddable":true,"href":"https:\/\/www.carmedialab.com\/de\/wp-json\/wp\/v2\/categories?post=37367"},{"taxonomy":"post_tag","embeddable":true,"href":"https:\/\/www.carmedialab.com\/de\/wp-json\/wp\/v2\/tags?post=37367"}],"curies":[{"name":"wp","href":"https:\/\/api.w.org\/{rel}","templated":true}]}}