{"id":27652,"date":"2022-01-12T11:28:13","date_gmt":"2022-01-12T10:28:13","guid":{"rendered":"https:\/\/www.carmedialab.com\/?p=27652"},"modified":"2023-11-21T10:05:46","modified_gmt":"2023-11-21T10:05:46","slug":"rhein-neckar-verkehr-to-start-charging-with-mobilecharge","status":"publish","type":"post","link":"https:\/\/www.carmedialab.com\/de\/2022\/01\/12\/rhein-neckar-verkehr-ladt-zukunftig-mit-mobilecharge\/","title":{"rendered":"Rhein-Neckar-Verkehr l\u00e4dt zuk\u00fcnftig mit MOBILEcharge"},"content":{"rendered":"<strong>80<\/strong>&nbsp;Elektrobusse werden mittels<strong>&nbsp;52&nbsp;<\/strong>Ladepunkten in&nbsp;<strong>4&nbsp;<\/strong>Depots zuk\u00fcnftig mit dem Lademanagementsystem <a href=\"https:\/\/www.carmedialab.com\/produkte\/public-transport\/lademanagement\/\" target=\"_blank\" rel=\"noreferrer noopener\">MOBILEcharge<\/a> von <a href=\"https:\/\/www.carmedialab.com\/\" target=\"_blank\" rel=\"noreferrer noopener\">CarMedialab<\/a> geladen. Neben einem kundenspezifischen Ladeplan unterst\u00fctzt MOBILEcharge die <a href=\"https:\/\/www.rnv-online.de\/\" target=\"_blank\" rel=\"noreferrer noopener\">rnv<\/a> beim Echtzeit-Monitoring der gesamten Ladeinfrastruktur und beh\u00e4lt damit Ladeprozesse und Gesundheitsstatus der Ladepunkte jederzeit im Blick.&nbsp;\r\n\r\n \r\n<div class=\"wp-block-spacer\" aria-hidden=\"true\">&nbsp;<\/div>\r\n \r\n<figure class=\"wp-block-image size-full\"><img decoding=\"async\" class=\"wp-image-27649\" src=\"https:\/\/www.carmedialab.com\/wp-content\/uploads\/2022\/01\/rnv_EBus.jpg\" alt=\"rnv Ebus\" \/>\r\n<figcaption class=\"wp-element-caption\">rnv Elektrobusse werden zuk\u00fcnftig mit dem Lademanagementsystem MOBILEcharge von CarMedialab geladen<\/figcaption><\/figure>\r\n \r\n<div class=\"wp-block-spacer\" aria-hidden=\"true\">&nbsp;<\/div>\r\n Auch in diesem Projekt ist Interoperabilit\u00e4t gefragt. Unter anderem sind VDV 463 f\u00fcr eine Anbindung des bestehenden&nbsp;Depotmanagementsystems sowie VDV 261&nbsp;zur Vorkonditionierung Bestandteile dieser Installation.&nbsp;\r\n\r\n \r\n<div class=\"wp-block-spacer\" aria-hidden=\"true\">&nbsp;<\/div>\r\n Wir freuen uns, gemeinsam mit <strong>rnv<\/strong> ein innovatives Projekt zu gestalten!\r\n\r\n \r\n<blockquote class=\"wp-block-quote is-layout-flow wp-block-quote-is-layout-flow\">&nbsp;\r\n\r\n<\/blockquote>\r\n \r\n<div class=\"wp-block-spacer\" aria-hidden=\"true\">&nbsp;<\/div>\r\n  \r\n<div class=\"wp-block-spacer\" aria-hidden=\"true\">&nbsp;<\/div>\r\n","protected":false},"excerpt":{"rendered":"<p>80 Elektrobusse werden mittels 52 Ladepunkten in 4 Depots zuk\u00fcnftig mit dem Last- und Lademanagementsystem MOBILEcharge von CarMedialab aufgeladen.<\/p>\n","protected":false},"author":4,"featured_media":56012,"comment_status":"closed","ping_status":"open","sticky":false,"template":"","format":"standard","meta":{"_acf_changed":false,"footnotes":""},"categories":[30],"tags":[134,24,136,137,25,131,132],"class_list":["post-27652","post","type-post","status-publish","format-standard","has-post-thumbnail","hentry","category-public-transport","tag-chargemanagement","tag-ebuses","tag-electromobility","tag-fleet-charging","tag-mobilecharge","tag-vdv261","tag-vdv463"],"acf":[],"yoast_head":"<!-- This site is optimized with the Yoast SEO plugin v26.6 - https:\/\/yoast.com\/wordpress\/plugins\/seo\/ -->\n<title>Rhein-Neckar-Verkehr l\u00e4dt zuk\u00fcnftig mit MOBILEcharge<\/title>\n<meta name=\"description\" content=\"80 Elektrobusse werden mittels 52 Ladepunkten in 4 Depots zuk\u00fcnftig mit dem Last- und Lademanagementsystem MOBILEcharge von CarMedialab aufgeladen.\" \/>\n<meta name=\"robots\" content=\"index, follow, max-snippet:-1, max-image-preview:large, max-video-preview:-1\" \/>\n<link rel=\"canonical\" href=\"http:\/\/80%20Elektrobusse%20werden%20mittels%2052%20Ladepunkten%20in%204%20Depots%20zuk\u00fcnftig%20mit%20dem%20Last-%20und%20Lademanagementsystem%20MOBILEcharge%20von%20CarMedialab%20aufgeladen.\" \/>\n<meta property=\"og:locale\" content=\"de_DE\" \/>\n<meta property=\"og:type\" content=\"article\" \/>\n<meta property=\"og:title\" content=\"Rhein-Neckar-Verkehr l\u00e4dt zuk\u00fcnftig mit MOBILEcharge\" \/>\n<meta property=\"og:description\" content=\"80 Elektrobusse werden mittels 52 Ladepunkten in 4 Depots zuk\u00fcnftig mit dem Last- und Lademanagementsystem MOBILEcharge von CarMedialab aufgeladen.\" \/>\n<meta property=\"og:url\" content=\"https:\/\/www.carmedialab.com\/de\/2022\/01\/12\/rhein-neckar-verkehr-ladt-zukunftig-mit-mobilecharge\/\" \/>\n<meta property=\"og:site_name\" content=\"CarMedialab GmbH\" \/>\n<meta property=\"article:published_time\" content=\"2022-01-12T10:28:13+00:00\" \/>\n<meta property=\"article:modified_time\" content=\"2023-11-21T10:05:46+00:00\" \/>\n<meta property=\"og:image\" content=\"https:\/\/www.carmedialab.com\/wp-content\/uploads\/2022\/01\/rnv_EBus_FI-1.jpg\" \/>\n\t<meta property=\"og:image:width\" content=\"919\" \/>\n\t<meta property=\"og:image:height\" content=\"504\" \/>\n\t<meta property=\"og:image:type\" content=\"image\/jpeg\" \/>\n<meta name=\"author\" content=\"admin\" \/>\n<meta name=\"twitter:card\" content=\"summary_large_image\" \/>\n<meta name=\"twitter:creator\" content=\"@carmedialab\" \/>\n<meta name=\"twitter:site\" content=\"@carmedialab\" \/>\n<meta name=\"twitter:label1\" content=\"Written by\" \/>\n\t<meta name=\"twitter:data1\" content=\"admin\" \/>\n\t<meta name=\"twitter:label2\" content=\"Est. reading time\" \/>\n\t<meta name=\"twitter:data2\" content=\"1 minute\" \/>\n<script type=\"application\/ld+json\" class=\"yoast-schema-graph\">{\"@context\":\"https:\/\/schema.org\",\"@graph\":[{\"@type\":\"Article\",\"@id\":\"https:\/\/www.carmedialab.com\/de\/2022\/01\/12\/rhein-neckar-verkehr-ladt-zukunftig-mit-mobilecharge\/#article\",\"isPartOf\":{\"@id\":\"https:\/\/www.carmedialab.com\/de\/2022\/01\/12\/rhein-neckar-verkehr-ladt-zukunftig-mit-mobilecharge\/\"},\"author\":{\"name\":\"admin\",\"@id\":\"https:\/\/www.carmedialab.com\/#\/schema\/person\/12f390a5dc47265ef58f836639cf4dc6\"},\"headline\":\"Rhein-Neckar-Verkehr l\u00e4dt zuk\u00fcnftig mit MOBILEcharge\",\"datePublished\":\"2022-01-12T10:28:13+00:00\",\"dateModified\":\"2023-11-21T10:05:46+00:00\",\"mainEntityOfPage\":{\"@id\":\"https:\/\/www.carmedialab.com\/de\/2022\/01\/12\/rhein-neckar-verkehr-ladt-zukunftig-mit-mobilecharge\/\"},\"wordCount\":120,\"publisher\":{\"@id\":\"https:\/\/www.carmedialab.com\/#organization\"},\"image\":{\"@id\":\"https:\/\/www.carmedialab.com\/de\/2022\/01\/12\/rhein-neckar-verkehr-ladt-zukunftig-mit-mobilecharge\/#primaryimage\"},\"thumbnailUrl\":\"https:\/\/www.carmedialab.com\/wp-content\/uploads\/2022\/01\/rnv_EBus_FI-1.jpg\",\"keywords\":[\"chargemanagement\",\"ebuses\",\"electromobility\",\"fleet charging\",\"MOBILEcharge\",\"VDV261\",\"VDV463\"],\"articleSection\":[\"Public Transport\"],\"inLanguage\":\"de-DE\"},{\"@type\":\"WebPage\",\"@id\":\"https:\/\/www.carmedialab.com\/de\/2022\/01\/12\/rhein-neckar-verkehr-ladt-zukunftig-mit-mobilecharge\/\",\"url\":\"https:\/\/www.carmedialab.com\/de\/2022\/01\/12\/rhein-neckar-verkehr-ladt-zukunftig-mit-mobilecharge\/\",\"name\":\"Rhein-Neckar-Verkehr to start charging with MOBILEcharge - CarMedialab GmbH\",\"isPartOf\":{\"@id\":\"https:\/\/www.carmedialab.com\/#website\"},\"primaryImageOfPage\":{\"@id\":\"https:\/\/www.carmedialab.com\/de\/2022\/01\/12\/rhein-neckar-verkehr-ladt-zukunftig-mit-mobilecharge\/#primaryimage\"},\"image\":{\"@id\":\"https:\/\/www.carmedialab.com\/de\/2022\/01\/12\/rhein-neckar-verkehr-ladt-zukunftig-mit-mobilecharge\/#primaryimage\"},\"thumbnailUrl\":\"https:\/\/www.carmedialab.com\/wp-content\/uploads\/2022\/01\/rnv_EBus_FI-1.jpg\",\"datePublished\":\"2022-01-12T10:28:13+00:00\",\"dateModified\":\"2023-11-21T10:05:46+00:00\",\"description\":\"80 electric buses will be charged in the future using 52 charging points in 4 depots with the MOBILEcharge charging management system from CarMedialab\",\"breadcrumb\":{\"@id\":\"https:\/\/www.carmedialab.com\/de\/2022\/01\/12\/rhein-neckar-verkehr-ladt-zukunftig-mit-mobilecharge\/#breadcrumb\"},\"inLanguage\":\"de-DE\",\"potentialAction\":[{\"@type\":\"ReadAction\",\"target\":[\"https:\/\/www.carmedialab.com\/de\/2022\/01\/12\/rhein-neckar-verkehr-ladt-zukunftig-mit-mobilecharge\/\"]}]},{\"@type\":\"ImageObject\",\"inLanguage\":\"de-DE\",\"@id\":\"https:\/\/www.carmedialab.com\/de\/2022\/01\/12\/rhein-neckar-verkehr-ladt-zukunftig-mit-mobilecharge\/#primaryimage\",\"url\":\"https:\/\/www.carmedialab.com\/wp-content\/uploads\/2022\/01\/rnv_EBus_FI-1.jpg\",\"contentUrl\":\"https:\/\/www.carmedialab.com\/wp-content\/uploads\/2022\/01\/rnv_EBus_FI-1.jpg\",\"width\":919,\"height\":504},{\"@type\":\"BreadcrumbList\",\"@id\":\"https:\/\/www.carmedialab.com\/de\/2022\/01\/12\/rhein-neckar-verkehr-ladt-zukunftig-mit-mobilecharge\/#breadcrumb\",\"itemListElement\":[{\"@type\":\"ListItem\",\"position\":1,\"name\":\"Home\",\"item\":\"https:\/\/www.carmedialab.com\/en\/\"},{\"@type\":\"ListItem\",\"position\":2,\"name\":\"Rhein-Neckar-Verkehr l\u00e4dt zuk\u00fcnftig mit MOBILEcharge\"}]},{\"@type\":\"WebSite\",\"@id\":\"https:\/\/www.carmedialab.com\/de\/#website\",\"url\":\"https:\/\/www.carmedialab.com\/de\/\",\"name\":\"CarMedialab GmbH\",\"description\":\"\",\"publisher\":{\"@id\":\"https:\/\/www.carmedialab.com\/de\/#organization\"},\"potentialAction\":[{\"@type\":\"SearchAction\",\"target\":{\"@type\":\"EntryPoint\",\"urlTemplate\":\"https:\/\/www.carmedialab.com\/de\/?s={search_term_string}\"},\"query-input\":{\"@type\":\"PropertyValueSpecification\",\"valueRequired\":true,\"valueName\":\"search_term_string\"}}],\"inLanguage\":\"de-DE\"},{\"@type\":\"Organization\",\"@id\":\"https:\/\/www.carmedialab.com\/de\/#organization\",\"name\":\"CarMedialab GmbH\",\"url\":\"https:\/\/www.carmedialab.com\/de\/\",\"logo\":{\"@type\":\"ImageObject\",\"inLanguage\":\"de-DE\",\"@id\":\"https:\/\/www.carmedialab.com\/de\/#\/schema\/logo\/image\/\",\"url\":\"https:\/\/www.carmedialab.com\/wp-content\/uploads\/2023\/10\/cml-logo.svg\",\"contentUrl\":\"https:\/\/www.carmedialab.com\/wp-content\/uploads\/2023\/10\/cml-logo.svg\",\"width\":1,\"height\":1,\"caption\":\"CarMedialab GmbH\"},\"image\":{\"@id\":\"https:\/\/www.carmedialab.com\/de\/#\/schema\/logo\/image\/\"},\"sameAs\":[\"https:\/\/x.com\/carmedialab\",\"https:\/\/www.linkedin.com\/company\/carmedialab-gmbh\/\",\"https:\/\/www.youtube.com\/channel\/UCRE7GzQfRH5Du-bSk5LQSyg\/videos\",\"https:\/\/www.instagram.com\/carmedialab\/\"]},{\"@type\":\"Person\",\"@id\":\"https:\/\/www.carmedialab.com\/#\/schema\/person\/12f390a5dc47265ef58f836639cf4dc6\",\"name\":\"admin\",\"image\":{\"@type\":\"ImageObject\",\"inLanguage\":\"de-DE\",\"@id\":\"https:\/\/www.carmedialab.com\/#\/schema\/person\/image\/\",\"url\":\"https:\/\/www.carmedialab.com\/wp-content\/litespeed\/avatar\/23494c9101089ad44ae88ce9d2f56aac.jpg?ver=1777544358\",\"contentUrl\":\"https:\/\/www.carmedialab.com\/wp-content\/litespeed\/avatar\/23494c9101089ad44ae88ce9d2f56aac.jpg?ver=1777544358\",\"caption\":\"admin\"},\"url\":\"https:\/\/www.carmedialab.com\/de\/author\/admin\/\"}]}<\/script>\n<!-- \/ Yoast SEO plugin. -->","yoast_head_json":{"title":"Rhein-Neckar-Verkehr l\u00e4dt zuk\u00fcnftig mit MOBILEcharge","description":"80 Elektrobusse werden mittels 52 Ladepunkten in 4 Depots zuk\u00fcnftig mit dem Last- und Lademanagementsystem MOBILEcharge von CarMedialab aufgeladen.","robots":{"index":"index","follow":"follow","max-snippet":"max-snippet:-1","max-image-preview":"max-image-preview:large","max-video-preview":"max-video-preview:-1"},"canonical":"80 Elektrobusse werden mittels 52 Ladepunkten in 4 Depots zuk\u00fcnftig mit dem Last- und Lademanagementsystem MOBILEcharge von CarMedialab aufgeladen.","og_locale":"de_DE","og_type":"article","og_title":"Rhein-Neckar-Verkehr l\u00e4dt zuk\u00fcnftig mit MOBILEcharge","og_description":"80 Elektrobusse werden mittels 52 Ladepunkten in 4 Depots zuk\u00fcnftig mit dem Last- und Lademanagementsystem MOBILEcharge von CarMedialab aufgeladen.","og_url":"https:\/\/www.carmedialab.com\/de\/2022\/01\/12\/rhein-neckar-verkehr-ladt-zukunftig-mit-mobilecharge\/","og_site_name":"CarMedialab GmbH","article_published_time":"2022-01-12T10:28:13+00:00","article_modified_time":"2023-11-21T10:05:46+00:00","og_image":[{"width":919,"height":504,"url":"https:\/\/www.carmedialab.com\/wp-content\/uploads\/2022\/01\/rnv_EBus_FI-1.jpg","type":"image\/jpeg"}],"author":"admin","twitter_card":"summary_large_image","twitter_creator":"@carmedialab","twitter_site":"@carmedialab","twitter_misc":{"Written by":"admin","Est. reading time":"1 minute"},"schema":{"@context":"https:\/\/schema.org","@graph":[{"@type":"Article","@id":"https:\/\/www.carmedialab.com\/de\/2022\/01\/12\/rhein-neckar-verkehr-ladt-zukunftig-mit-mobilecharge\/#article","isPartOf":{"@id":"https:\/\/www.carmedialab.com\/de\/2022\/01\/12\/rhein-neckar-verkehr-ladt-zukunftig-mit-mobilecharge\/"},"author":{"name":"admin","@id":"https:\/\/www.carmedialab.com\/#\/schema\/person\/12f390a5dc47265ef58f836639cf4dc6"},"headline":"Rhein-Neckar-Verkehr l\u00e4dt zuk\u00fcnftig mit MOBILEcharge","datePublished":"2022-01-12T10:28:13+00:00","dateModified":"2023-11-21T10:05:46+00:00","mainEntityOfPage":{"@id":"https:\/\/www.carmedialab.com\/de\/2022\/01\/12\/rhein-neckar-verkehr-ladt-zukunftig-mit-mobilecharge\/"},"wordCount":120,"publisher":{"@id":"https:\/\/www.carmedialab.com\/#organization"},"image":{"@id":"https:\/\/www.carmedialab.com\/de\/2022\/01\/12\/rhein-neckar-verkehr-ladt-zukunftig-mit-mobilecharge\/#primaryimage"},"thumbnailUrl":"https:\/\/www.carmedialab.com\/wp-content\/uploads\/2022\/01\/rnv_EBus_FI-1.jpg","keywords":["chargemanagement","ebuses","electromobility","fleet charging","MOBILEcharge","VDV261","VDV463"],"articleSection":["Public Transport"],"inLanguage":"de-DE"},{"@type":"WebPage","@id":"https:\/\/www.carmedialab.com\/de\/2022\/01\/12\/rhein-neckar-verkehr-ladt-zukunftig-mit-mobilecharge\/","url":"https:\/\/www.carmedialab.com\/de\/2022\/01\/12\/rhein-neckar-verkehr-ladt-zukunftig-mit-mobilecharge\/","name":"Rhein-Neckar-Verkehr to start charging with MOBILEcharge - CarMedialab GmbH","isPartOf":{"@id":"https:\/\/www.carmedialab.com\/#website"},"primaryImageOfPage":{"@id":"https:\/\/www.carmedialab.com\/de\/2022\/01\/12\/rhein-neckar-verkehr-ladt-zukunftig-mit-mobilecharge\/#primaryimage"},"image":{"@id":"https:\/\/www.carmedialab.com\/de\/2022\/01\/12\/rhein-neckar-verkehr-ladt-zukunftig-mit-mobilecharge\/#primaryimage"},"thumbnailUrl":"https:\/\/www.carmedialab.com\/wp-content\/uploads\/2022\/01\/rnv_EBus_FI-1.jpg","datePublished":"2022-01-12T10:28:13+00:00","dateModified":"2023-11-21T10:05:46+00:00","description":"80 electric buses will be charged in the future using 52 charging points in 4 depots with the MOBILEcharge charging management system from CarMedialab","breadcrumb":{"@id":"https:\/\/www.carmedialab.com\/de\/2022\/01\/12\/rhein-neckar-verkehr-ladt-zukunftig-mit-mobilecharge\/#breadcrumb"},"inLanguage":"de-DE","potentialAction":[{"@type":"ReadAction","target":["https:\/\/www.carmedialab.com\/de\/2022\/01\/12\/rhein-neckar-verkehr-ladt-zukunftig-mit-mobilecharge\/"]}]},{"@type":"ImageObject","inLanguage":"de-DE","@id":"https:\/\/www.carmedialab.com\/de\/2022\/01\/12\/rhein-neckar-verkehr-ladt-zukunftig-mit-mobilecharge\/#primaryimage","url":"https:\/\/www.carmedialab.com\/wp-content\/uploads\/2022\/01\/rnv_EBus_FI-1.jpg","contentUrl":"https:\/\/www.carmedialab.com\/wp-content\/uploads\/2022\/01\/rnv_EBus_FI-1.jpg","width":919,"height":504},{"@type":"BreadcrumbList","@id":"https:\/\/www.carmedialab.com\/de\/2022\/01\/12\/rhein-neckar-verkehr-ladt-zukunftig-mit-mobilecharge\/#breadcrumb","itemListElement":[{"@type":"ListItem","position":1,"name":"Home","item":"https:\/\/www.carmedialab.com\/en\/"},{"@type":"ListItem","position":2,"name":"Rhein-Neckar-Verkehr l\u00e4dt zuk\u00fcnftig mit MOBILEcharge"}]},{"@type":"WebSite","@id":"https:\/\/www.carmedialab.com\/de\/#website","url":"https:\/\/www.carmedialab.com\/de\/","name":"CarMedialab GmbH","description":"","publisher":{"@id":"https:\/\/www.carmedialab.com\/de\/#organization"},"potentialAction":[{"@type":"SearchAction","target":{"@type":"EntryPoint","urlTemplate":"https:\/\/www.carmedialab.com\/de\/?s={search_term_string}"},"query-input":{"@type":"PropertyValueSpecification","valueRequired":true,"valueName":"search_term_string"}}],"inLanguage":"de-DE"},{"@type":"Organization","@id":"https:\/\/www.carmedialab.com\/de\/#organization","name":"CarMedialab GmbH","url":"https:\/\/www.carmedialab.com\/de\/","logo":{"@type":"ImageObject","inLanguage":"de-DE","@id":"https:\/\/www.carmedialab.com\/de\/#\/schema\/logo\/image\/","url":"https:\/\/www.carmedialab.com\/wp-content\/uploads\/2023\/10\/cml-logo.svg","contentUrl":"https:\/\/www.carmedialab.com\/wp-content\/uploads\/2023\/10\/cml-logo.svg","width":1,"height":1,"caption":"CarMedialab GmbH"},"image":{"@id":"https:\/\/www.carmedialab.com\/de\/#\/schema\/logo\/image\/"},"sameAs":["https:\/\/x.com\/carmedialab","https:\/\/www.linkedin.com\/company\/carmedialab-gmbh\/","https:\/\/www.youtube.com\/channel\/UCRE7GzQfRH5Du-bSk5LQSyg\/videos","https:\/\/www.instagram.com\/carmedialab\/"]},{"@type":"Person","@id":"https:\/\/www.carmedialab.com\/#\/schema\/person\/12f390a5dc47265ef58f836639cf4dc6","name":"admin","image":{"@type":"ImageObject","inLanguage":"de-DE","@id":"https:\/\/www.carmedialab.com\/#\/schema\/person\/image\/","url":"https:\/\/www.carmedialab.com\/wp-content\/litespeed\/avatar\/23494c9101089ad44ae88ce9d2f56aac.jpg?ver=1777544358","contentUrl":"https:\/\/www.carmedialab.com\/wp-content\/litespeed\/avatar\/23494c9101089ad44ae88ce9d2f56aac.jpg?ver=1777544358","caption":"admin"},"url":"https:\/\/www.carmedialab.com\/de\/author\/admin\/"}]}},"_links":{"self":[{"href":"https:\/\/www.carmedialab.com\/de\/wp-json\/wp\/v2\/posts\/27652","targetHints":{"allow":["GET"]}}],"collection":[{"href":"https:\/\/www.carmedialab.com\/de\/wp-json\/wp\/v2\/posts"}],"about":[{"href":"https:\/\/www.carmedialab.com\/de\/wp-json\/wp\/v2\/types\/post"}],"author":[{"embeddable":true,"href":"https:\/\/www.carmedialab.com\/de\/wp-json\/wp\/v2\/users\/4"}],"replies":[{"embeddable":true,"href":"https:\/\/www.carmedialab.com\/de\/wp-json\/wp\/v2\/comments?post=27652"}],"version-history":[{"count":1,"href":"https:\/\/www.carmedialab.com\/de\/wp-json\/wp\/v2\/posts\/27652\/revisions"}],"predecessor-version":[{"id":56013,"href":"https:\/\/www.carmedialab.com\/de\/wp-json\/wp\/v2\/posts\/27652\/revisions\/56013"}],"wp:featuredmedia":[{"embeddable":true,"href":"https:\/\/www.carmedialab.com\/de\/wp-json\/wp\/v2\/media\/56012"}],"wp:attachment":[{"href":"https:\/\/www.carmedialab.com\/de\/wp-json\/wp\/v2\/media?parent=27652"}],"wp:term":[{"taxonomy":"category","embeddable":true,"href":"https:\/\/www.carmedialab.com\/de\/wp-json\/wp\/v2\/categories?post=27652"},{"taxonomy":"post_tag","embeddable":true,"href":"https:\/\/www.carmedialab.com\/de\/wp-json\/wp\/v2\/tags?post=27652"}],"curies":[{"name":"wp","href":"https:\/\/api.w.org\/{rel}","templated":true}]}}